{"id":2008,"date":"2023-09-15T08:04:09","date_gmt":"2023-09-15T00:04:09","guid":{"rendered":"https:\/\/www.kcvents.com\/?p=2008"},"modified":"2026-08-26T09:20:42","modified_gmt":"2026-08-26T01:20:42","slug":"kcvents-day-3-at-2023-febrava-hvac-r-exhibition","status":"publish","type":"post","link":"https:\/\/www.kcvents.com\/de\/kcvents-day-3-at-2023-febrava-hvac-r-exhibition\/","title":{"rendered":"<strong>KCVENTS Day 3 At 2023 Febrava HVAC-R exhibition<\/strong>"},"content":{"rendered":"<p>KCVENTS blickt auf einen erfolgreichen 3. Tag auf der Febrava 2023 zur\u00fcck <a href=\"\/de\/produkte\/\">HVAC<\/a>-R Fachmesse! Der direkte Abschluss von Vertr\u00e4gen mit Kunden ist ein deutliches Zeichen f\u00fcr das gro\u00dfe Interesse und das Vertrauen in Ihre Produkte. Es ist offensichtlich, dass Ihr Messestand und Ihre Produkte einen durchweg positiven Eindruck bei den Fachbesuchern hinterlassen haben.<\/p>\n<figure class=\"wp-block-image aligncenter size-full\"><img decoding=\"async\" fetchpriority=\"high\" width=\"1000\" height=\"1000\" src=\"\/wp-content\/uploads\/2026\/06\/kcvents-day-3-at-2023-febrava-hvac-r-exhibition-1.webp\" alt=\"KCVENTS Messestand Tag 3 auf der Febrava 2023 HVAC-R Fachmesse\" class=\"wp-image-2058\" \/><\/figure>\n<p>Hier sind einige wichtige Aspekte, die Sie bei der weiteren Ansprache von Kunden und Interessenten w\u00e4hrend der Messe beachten sollten:<\/p>\n<p>Das KCVNETS-Team ist bestens vorbereitet und verf\u00fcgt \u00fcber fundiertes Fachwissen zu unseren Produkten. Kunden sch\u00e4tzen es sehr, wenn sie direkt vor Ort detaillierte Informationen und kompetente Antworten auf ihre Fragen erhalten.<\/p>\n<p>Ziehen Sie Live-Demonstrationen Ihrer Produkte in Betracht. Dies hilft Kunden, die Funktionsweise sowie die konkreten Vorteile praxisnah nachzuvollziehen.<\/p>\n<figure class=\"wp-block-image aligncenter size-full\"><img loading=\"lazy\" decoding=\"async\" width=\"1000\" height=\"1000\" src=\"\/wp-content\/uploads\/2026\/06\/kcvents-day-3-at-2023-febrava-hvac-r-exhibition-2.webp\" alt=\"KCVENTS-Team im Kundengespr\u00e4ch auf der Febrava 2023\" class=\"wp-image-2059\" \/><\/figure>\n<p>Die <a href=\"\/de\/produkte\/single-room-heat-recovery-units-vt501\/\">VT501<\/a> Einzelraum-W\u00e4rmer\u00fcckgewinnungsger\u00e4te (<a href=\"\/de\/produkt-kategorie\/single-room-hrv\/\">HRV<\/a>) sind ein zentrales Produkt in Ihrem HVAC-R-Portfolio. HRVs sind unverzichtbar zur Verbesserung der Raumluftqualit\u00e4t und der Energieeffizienz in Wohn- und Gewerbeobjekten.<\/p>\n<figure class=\"wp-block-image aligncenter size-full\"><a href=\"\/de\/produkte\/single-room-heat-recovery-units-vt501\/\"><img loading=\"lazy\" decoding=\"async\" width=\"1500\" height=\"1500\" src=\"\/wp-content\/uploads\/2026\/06\/kcvents-day-3-at-2023-febrava-hvac-r-exhibition-3.webp\" alt=\"KCVENTS-Produkte auf der Febrava 2023 Tag 3\" class=\"wp-image-2060\" \/><\/a><\/figure>\n<p>Ein weiteres \u00e4u\u00dferst gefragtes Produkt ist der <a href=\"\/de\/produkt-kategorie\/air-curtain\/\">air curtain<\/a>. Die Fachbesucher der Messe zeigen gro\u00dfes Interesse an Ihren Luftschleieranlagen. Luftschleier bieten zahlreiche Vorteile in verschiedensten gewerblichen und industriellen Umgebungen und stellen daher eine gefragte L\u00f6sung f\u00fcr Unternehmen dar.<\/p>\n<figure class=\"wp-block-image aligncenter size-full\"><a href=\"\/de\/produkt-kategorie\/air-curtain\/\"><img loading=\"lazy\" decoding=\"async\" width=\"1500\" height=\"1500\" src=\"\/wp-content\/uploads\/2026\/06\/kcvents-day-3-at-2023-febrava-hvac-r-exhibition-4.webp\" alt=\"Besucher am KCVENTS-Messestand Febrava 2023\" class=\"wp-image-2061\" \/><\/a><\/figure>\n<p>Der Aufbau von Vertrauen zu Kunden ist ein bedeutender Erfolg. Es ist erfreulich zu sehen, dass die Besucher der Messe ihr Vertrauen in die Qualit\u00e4t der KCVENTS-Produkte zum Ausdruck bringen und zur Zusammenarbeit bereit sind. Vertrauen bildet das wesentliche Fundament f\u00fcr erfolgreiche Gesch\u00e4ftsbeziehungen und f\u00fchrt zu langfristigen Partnerschaften sowie hoher Kundenbindung. Hier sind einige Ma\u00dfnahmen, um dieses Vertrauen weiter zu festigen und zu vertiefen:<\/p>\n<p>Wir blicken auf einen erfolgreichen Auftakt auf der Febrava HVAC-R Messe zur\u00fcck. Setzen Sie die hervorragende Arbeit fort und weiterhin viel Erfolg f\u00fcr den weiteren Verlauf der Veranstaltung!<\/p>\n<figure class=\"wp-block-image aligncenter size-full\"><img loading=\"lazy\" decoding=\"async\" width=\"1000\" height=\"1000\" src=\"\/wp-content\/uploads\/2026\/06\/kcvents-day-3-at-2023-febrava-hvac-r-exhibition-5.webp\" alt=\"Vertragsunterzeichnung am KCVENTS-Messestand Febrava 2023\" class=\"wp-image-2062\" \/><\/figure>\n<p>KCVENTS verzeichnete gro\u00dfartige Erfolge auf der Febrava HVAC-R Fachmesse 2023! Angesichts der \u00fcberaus positiven Resonanz und des gro\u00dfen Kundeninteresses w\u00e4hrend der Veranstaltung zeigt sich deutlich, dass Ihre Produkte und Ihr Team bei den Besuchern hervorragend ankommen.<\/p>\n<p>F\u00fcr weitere Informationen zu unseren Produkten oder zur Anforderung eines Angebots <a href=\"\/de\/request-quote\/\">kontaktieren Sie uns<\/a> oder besuchen Sie unsere <a href=\"\/de\/produkte\/\">Produktseiten<\/a>.<\/p>","protected":false},"excerpt":{"rendered":"<p>KCVENTS got a successful Day 3 at the 2023 Febrava HVAC-R exhibition! Signing contracts directly with clients is a great indication of the interest and trust they have in your products. It&#8217;s clear that your booth and products have made a positive impression on attendees. Here are some key points to consider as you continue [&hellip;]<\/p>\n","protected":false},"author":1,"featured_media":2006,"comment_status":"open","ping_status":"open","sticky":false,"template":"","format":"standard","meta":{"_gspb_post_css":"","footnotes":""},"categories":[1],"tags":[],"class_list":["post-2008","post","type-post","status-publish","format-standard","has-post-thumbnail","hentry","category-uncategorized"],"blocksy_meta":[],"_links":{"self":[{"href":"https:\/\/www.kcvents.com\/de\/wp-json\/wp\/v2\/posts\/2008","targetHints":{"allow":["GET"]}}],"collection":[{"href":"https:\/\/www.kcvents.com\/de\/wp-json\/wp\/v2\/posts"}],"about":[{"href":"https:\/\/www.kcvents.com\/de\/wp-json\/wp\/v2\/types\/post"}],"author":[{"embeddable":true,"href":"https:\/\/www.kcvents.com\/de\/wp-json\/wp\/v2\/users\/1"}],"replies":[{"embeddable":true,"href":"https:\/\/www.kcvents.com\/de\/wp-json\/wp\/v2\/comments?post=2008"}],"version-history":[{"count":4,"href":"https:\/\/www.kcvents.com\/de\/wp-json\/wp\/v2\/posts\/2008\/revisions"}],"predecessor-version":[{"id":4237,"href":"https:\/\/www.kcvents.com\/de\/wp-json\/wp\/v2\/posts\/2008\/revisions\/4237"}],"wp:featuredmedia":[{"embeddable":true,"href":"https:\/\/www.kcvents.com\/de\/wp-json\/wp\/v2\/media\/2006"}],"wp:attachment":[{"href":"https:\/\/www.kcvents.com\/de\/wp-json\/wp\/v2\/media?parent=2008"}],"wp:term":[{"taxonomy":"category","embeddable":true,"href":"https:\/\/www.kcvents.com\/de\/wp-json\/wp\/v2\/categories?post=2008"},{"taxonomy":"post_tag","embeddable":true,"href":"https:\/\/www.kcvents.com\/de\/wp-json\/wp\/v2\/tags?post=2008"}],"curies":[{"name":"wp","href":"https:\/\/api.w.org\/{rel}","templated":true}]}}