{"id":1967,"date":"2025-10-22T10:57:38","date_gmt":"2025-10-22T02:57:38","guid":{"rendered":"https:\/\/www.kcvents.com\/?p=1967"},"modified":"2026-08-26T09:20:12","modified_gmt":"2026-08-26T01:20:12","slug":"chic-group-shines-at-the-canton-fair-with-innovative-ventilation-solutions","status":"publish","type":"post","link":"https:\/\/www.kcvents.com\/es\/chic-group-shines-at-the-canton-fair-with-innovative-ventilation-solutions\/","title":{"rendered":"CHIC GROUP Shines at the Canton Fair with Innovative Ventilation Solutions"},"content":{"rendered":"<h2 class=\"wp-block-heading has-text-align-center\">CHIC GROUP Shines at the Canton Fair with Innovative Ventilation Solutions<\/h2>\n<p>La Feria de Cant\u00f3n demostr\u00f3 una vez m\u00e1s ser una plataforma excepcional para que CHIC GROUP exhiba sus \u00faltimas tecnolog\u00edas de ventilaci\u00f3n y conecte con clientes de todo el mundo. A lo largo de la feria, nuestro stand atrajo a un gran n\u00famero de visitantes, incluidos socios a largo plazo y nuevos clientes interesados en explorar nuestras innovadoras l\u00edneas de productos.<\/p>\n<\/p>\n<div class=\"wp-block-columns is-layout-flex wp-container-core-columns-is-layout-9d6595d7 wp-block-columns-is-layout-flex\">\n<div class=\"wp-block-column is-layout-flow wp-block-column-is-layout-flow\">\n<div class=\"wp-block-stackable-columns stk-block-columns stk-block stk-ba3a9ab\" >\n<div class=\"stk-row stk-inner-blocks stk-block-content stk-content-align stk-ba3a9ab-column\">\n<div class=\"wp-block-stackable-column stk-block-column stk-column stk-block stk-71ac8f5\" data-v=\"4\" >\n<div class=\"stk-column-wrapper stk-block-column__content stk-container stk-71ac8f5-container stk--no-background stk--no-padding\">\n<div class=\"stk-block-content stk-inner-blocks stk-71ac8f5-inner-blocks\">\n<figure class=\"wp-block-image aligncenter size-full is-style-default\"><img loading=\"lazy\" decoding=\"async\" width=\"1000\" height=\"1333\" src=\"\/wp-content\/uploads\/2026\/06\/chic-group-shines-at-the-canton-fair-with-innovative-ventilation-solutions-1.webp\" alt=\"Stand de CHIC GROUP en la Feria de Cant\u00f3n\" class=\"wp-image-3486\" \/><\/figure>\n<div class=\"wp-block-stackable-column stk-block-column stk-column stk-block stk-e68f133\" data-v=\"4\" >\n<div class=\"stk-column-wrapper stk-block-column__content stk-container stk-e68f133-container stk--no-background stk--no-padding\">\n<div class=\"stk-block-content stk-inner-blocks stk-e68f133-inner-blocks\">\n<figure class=\"wp-block-image aligncenter size-full\"><img loading=\"lazy\" decoding=\"async\" width=\"1000\" height=\"1031\" src=\"\/wp-content\/uploads\/2026\/06\/chic-group-shines-at-the-canton-fair-with-innovative-ventilation-solutions-2.webp\" alt=\"Productos de ventilaci\u00f3n de CHIC GROUP en la Feria de Cant\u00f3n\" class=\"wp-image-3487\" \/><\/figure>\n<\/div>\n<p>Muchos clientes mostraron un gran inter\u00e9s en nuestros <strong>sistemas de ventilaci\u00f3n de aire fresco<\/strong>, <strong>extractores de aire<\/strong>, y <strong>accesorios de ventilaci\u00f3n<\/strong>. La serie de productos KCVENTS, reconocida por su alta eficiencia, funcionamiento silencioso y funciones de control inteligente, atrajo una atenci\u00f3n especial por parte de compradores internacionales que buscan soluciones de aire interior fiables y energ\u00e9ticamente eficientes. Nuestro equipo realiz\u00f3 demostraciones detalladas, explicando las ventajas de nuestros recuperadores de calor (HRV), ventiladores con filtro HEPA y una amplia variedad de extractores adecuados tanto para uso residencial como industrial.<\/p>\n<div class=\"wp-block-stackable-columns stk-block-columns stk-block stk-506facb\" >\n<div class=\"stk-row stk-inner-blocks stk-block-content stk-content-align stk-506facb-column\">\n<div class=\"wp-block-stackable-column stk-block-column stk-column stk-block stk-39f1e00\" data-v=\"4\" >\n<div class=\"stk-column-wrapper stk-block-column__content stk-container stk-39f1e00-container stk--no-background stk--no-padding\">\n<div class=\"stk-block-content stk-inner-blocks stk-39f1e00-inner-blocks\">\n<figure class=\"wp-block-image aligncenter size-full\"><img loading=\"lazy\" decoding=\"async\" width=\"1080\" height=\"957\" src=\"\/wp-content\/uploads\/2026\/06\/chic-group-shines-at-the-canton-fair-with-innovative-ventilation-solutions-3.webp\" alt=\"Pabell\u00f3n de exposiciones de la Feria de Cant\u00f3n CHIC GROUP\" class=\"wp-image-3488\" \/><\/figure>\n<div class=\"wp-block-stackable-column stk-block-column stk-column stk-block stk-2b55a9e\" data-v=\"4\" >\n<div class=\"stk-column-wrapper stk-block-column__content stk-container stk-2b55a9e-container stk--no-background stk--no-padding\">\n<div class=\"stk-block-content stk-inner-blocks stk-2b55a9e-inner-blocks\">\n<figure class=\"wp-block-image aligncenter size-full\"><img loading=\"lazy\" decoding=\"async\" width=\"786\" height=\"958\" src=\"\/wp-content\/uploads\/2026\/06\/chic-group-shines-at-the-canton-fair-with-innovative-ventilation-solutions-4.webp\" alt=\"Equipo de CHIC GROUP en la Feria de Cant\u00f3n\" class=\"wp-image-3489\" \/><\/figure>\n<p>Durante la feria, recibimos comentarios positivos de numerosos visitantes profesionales que valoraron el dise\u00f1o, el rendimiento y los precios competitivos de nuestros productos. Varios clientes expresaron su intenci\u00f3n de establecer una cooperaci\u00f3n a largo plazo con CHIC GROUP, especialmente para proyectos de ventilaci\u00f3n personalizados en Europa, Oriente Medio y el Sudeste Asi\u00e1tico.<\/p>\n<div class=\"wp-block-image\">\n<figure class=\"aligncenter size-full is-resized\"><img loading=\"lazy\" decoding=\"async\" width=\"1080\" height=\"1440\" src=\"\/wp-content\/uploads\/2026\/06\/chic-group-shines-at-the-canton-fair-with-innovative-ventilation-solutions-5.webp\" alt=\"Visitantes en el stand de CHIC GROUP en la Feria de Cant\u00f3n\" class=\"wp-image-3490\" style=\"aspect-ratio:1;object-fit:contain;width:445px;height:auto\" \/><\/figure>\n<\/div>\n<p>Adem\u00e1s de las exhibiciones de productos, nuestros equipos t\u00e9cnico y de ventas participaron activamente en reuniones comerciales, compartiendo el compromiso de CHIC GROUP con la innovaci\u00f3n, la garant\u00eda de calidad y el servicio global. La exposici\u00f3n no solo fortaleci\u00f3 nuestras relaciones con los socios existentes, sino que tambi\u00e9n abri\u00f3 nuevas oportunidades en mercados emergentes.<\/p>\n<div class=\"wp-block-image\">\n<figure class=\"aligncenter size-full is-resized\"><img loading=\"lazy\" decoding=\"async\" width=\"1080\" height=\"1440\" src=\"\/wp-content\/uploads\/2026\/06\/chic-group-shines-at-the-canton-fair-with-innovative-ventilation-solutions-6.webp\" alt=\"Muestra de productos de CHIC GROUP en la Feria de Cant\u00f3n\" class=\"wp-image-3491\" style=\"aspect-ratio:1;object-fit:cover;width:336px;height:auto\" \/><\/figure>\n<\/div>\n<p>La Feria de Cant\u00f3n siempre ha sido un evento clave para que CHIC GROUP demuestre su fortaleza en la <a href=\"\/es\/productos\/\">HVAC<\/a> industria. La exitosa participaci\u00f3n de este a\u00f1o confirm\u00f3 una vez m\u00e1s nuestra posici\u00f3n como proveedor de confianza de soluciones integrales de ventilaci\u00f3n. Estamos orgullosos de los logros alcanzados durante esta exposici\u00f3n y agradecidos por el entusiasta apoyo de todos los visitantes.<\/p>\n<div class=\"wp-block-image\">\n<figure class=\"aligncenter size-full is-resized\"><img loading=\"lazy\" decoding=\"async\" width=\"1081\" height=\"1076\" src=\"\/wp-content\/uploads\/2026\/06\/chic-group-shines-at-the-canton-fair-with-innovative-ventilation-solutions-7.webp\" alt=\"Exposici\u00f3n de CHIC GROUP en la Feria de Cant\u00f3n\" class=\"wp-image-3492\" style=\"aspect-ratio:1;object-fit:cover;width:337px;height:auto\" \/><\/figure>\n<\/div>\n<p>De cara al futuro, CHIC GROUP continuar\u00e1 impulsando la innovaci\u00f3n de productos, mejorando la experiencia del cliente y ampliando la cooperaci\u00f3n internacional. Esperamos sinceramente encontrarnos de nuevo con nuestros socios y nuevos amigos en <strong>la Feria de Cant\u00f3n de Primavera del pr\u00f3ximo a\u00f1o<\/strong>, donde presentaremos productos de ventilaci\u00f3n a\u00fan m\u00e1s avanzados, eficientes y respetuosos con el medio ambiente al mercado global.<\/p>\n<p>Para m\u00e1s informaci\u00f3n sobre nuestros productos o para solicitar una cotizaci\u00f3n, por favor <a href=\"\/es\/request-quote\/\">cont\u00e1ctenos<\/a> o visite nuestras <a href=\"\/es\/productos\/\">p\u00e1ginas de productos<\/a>.<\/p>","protected":false},"excerpt":{"rendered":"<p>CHIC GROUP Shines at the Canton Fair with Innovative Ventilation Solutions The Canton Fair once again proved to be an exceptional platform for CHIC GROUP to showcase its latest ventilation technologies and connect with clients from all over the world. Throughout the exhibition, our booth attracted a large number of visitors, including long-term partners and [&hellip;]<\/p>\n","protected":false},"author":1,"featured_media":1966,"comment_status":"open","ping_status":"open","sticky":false,"template":"","format":"standard","meta":{"_gspb_post_css":"","footnotes":""},"categories":[1],"tags":[],"class_list":["post-1967","post","type-post","status-publish","format-standard","has-post-thumbnail","hentry","category-uncategorized"],"blocksy_meta":[],"_links":{"self":[{"href":"https:\/\/www.kcvents.com\/es\/wp-json\/wp\/v2\/posts\/1967","targetHints":{"allow":["GET"]}}],"collection":[{"href":"https:\/\/www.kcvents.com\/es\/wp-json\/wp\/v2\/posts"}],"about":[{"href":"https:\/\/www.kcvents.com\/es\/wp-json\/wp\/v2\/types\/post"}],"author":[{"embeddable":true,"href":"https:\/\/www.kcvents.com\/es\/wp-json\/wp\/v2\/users\/1"}],"replies":[{"embeddable":true,"href":"https:\/\/www.kcvents.com\/es\/wp-json\/wp\/v2\/comments?post=1967"}],"version-history":[{"count":4,"href":"https:\/\/www.kcvents.com\/es\/wp-json\/wp\/v2\/posts\/1967\/revisions"}],"predecessor-version":[{"id":4231,"href":"https:\/\/www.kcvents.com\/es\/wp-json\/wp\/v2\/posts\/1967\/revisions\/4231"}],"wp:featuredmedia":[{"embeddable":true,"href":"https:\/\/www.kcvents.com\/es\/wp-json\/wp\/v2\/media\/1966"}],"wp:attachment":[{"href":"https:\/\/www.kcvents.com\/es\/wp-json\/wp\/v2\/media?parent=1967"}],"wp:term":[{"taxonomy":"category","embeddable":true,"href":"https:\/\/www.kcvents.com\/es\/wp-json\/wp\/v2\/categories?post=1967"},{"taxonomy":"post_tag","embeddable":true,"href":"https:\/\/www.kcvents.com\/es\/wp-json\/wp\/v2\/tags?post=1967"}],"curies":[{"name":"wp","href":"https:\/\/api.w.org\/{rel}","templated":true}]}}