{"id":2021,"date":"2023-07-22T02:31:38","date_gmt":"2023-07-21T18:31:38","guid":{"rendered":"https:\/\/www.kcvents.com\/?p=2021"},"modified":"2026-08-26T09:20:49","modified_gmt":"2026-08-26T01:20:49","slug":"febrava-2023-the-largest-and-most-comprehensive-hvac-r-event-in-latin-america","status":"publish","type":"post","link":"https:\/\/www.kcvents.com\/es\/febrava-2023-the-largest-and-most-comprehensive-hvac-r-event-in-latin-america\/","title":{"rendered":"Febrava 2023,\u00a0the largest and most comprehensive\u00a0HVAC-R\u00a0event\u00a0in Latin America!"},"content":{"rendered":"<p>\u00bfLe apasionan las tecnolog\u00edas de ventilaci\u00f3n de vanguardia, <a href=\"\/es\/categoria-producto\/single-room-hrv\/\">HRV<\/a> los sistemas de ventilaci\u00f3n con recuperaci\u00f3n de calor (HRV) y <a href=\"\/es\/productos\/\">HVAC<\/a> las soluciones de climatizaci\u00f3n (HVAC)? Si es as\u00ed, reserve en su agenda del 12 al 15 de septiembre para Febrava2023, la feria m\u00e1s esperada del sector HVAC. Acomp\u00e1\u00f1enos en el stand B26 para presenciar una muestra de productos revolucionarios y obtener valiosos conocimientos sobre el futuro de la calidad del aire interior y la climatizaci\u00f3n. <strong>Descubra las \u00faltimas innovaciones en ventilaci\u00f3n, HRV y HVAC en Febrava2023 \u2013 \u00a1Visite KCVENTS en el stand B26!<\/strong><\/p>\n<figure class=\"wp-block-image aligncenter size-full\"><img decoding=\"async\" fetchpriority=\"high\" width=\"1000\" height=\"1000\" src=\"\/wp-content\/uploads\/2026\/06\/febrava-2023-the-largest-and-most-comprehensive-hvac-r-event-in-latin-america-1.webp\" alt=\"Stand B26 de KCVENTS en Febrava 2023\" class=\"wp-image-2036\" \/><\/figure>\n<p><strong>Febrava2023: Una puerta de entrada a los avances en ventilaci\u00f3n<\/strong><\/p>\n<p>Febrava, de celebraci\u00f3n bienal, se ha consolidado como uno de los eventos de HVAC m\u00e1s importantes a nivel mundial. La feria re\u00fane a profesionales del sector, investigadores y especialistas de todo el mundo, convirti\u00e9ndose en una oportunidad inigualable para descubrir las \u00faltimas tendencias e innovaciones en el sector de la ventilaci\u00f3n.<\/p>\n<p>En el stand B26, nuestro equipo de expertos de KCVENTS est\u00e1 preparado para presentarle soluciones de ventilaci\u00f3n de vanguardia que combinan eficiencia, sostenibilidad y tecnolog\u00eda avanzada. Tanto si es un profesional consolidado como un reci\u00e9n llegado al sector HVAC, nuestro stand le ofrecer\u00e1 amplios conocimientos y excelentes oportunidades de networking.<\/p>\n<p><strong>HRV: Mejora de la calidad del aire interior y la eficiencia energ\u00e9tica<\/strong><\/p>\n<p>Los sistemas de ventilaci\u00f3n con recuperaci\u00f3n de calor (HRV) se han consolidado como una soluci\u00f3n revolucionaria en el \u00e1mbito de la gesti\u00f3n de la calidad del aire interior. A medida que los edificios aumentan su hermeticidad para favorecer el ahorro energ\u00e9tico, los sistemas HRV desempe\u00f1an un papel fundamental para garantizar un caudal de aire continuo recuperando eficazmente el calor del aire de extracci\u00f3n. \u00bfEl resultado? Un ambiente interior m\u00e1s saludable y confortable con un consumo de energ\u00eda reducido.<\/p>\n<p>Nuestro stand en Febrava2023 presentar\u00e1 sistemas HRV de \u00faltima generaci\u00f3n que incorporan los avances m\u00e1s recientes en tecnolog\u00eda y dise\u00f1o. Conozca los diversos modelos disponibles para aplicaciones residenciales, comerciales e industriales, adaptados a necesidades de ventilaci\u00f3n espec\u00edficas. Descubra c\u00f3mo los sistemas HRV pueden crear un ambiente interior equilibrado y fresco mediante el intercambio de aire viciado por aire exterior filtrado y acondicionado.<\/p>\n<figure class=\"wp-block-image aligncenter size-full\"><a href=\"\/es\/productos\/single-room-heat-recovery-units-vt501\/\"><img loading=\"lazy\" decoding=\"async\" width=\"1000\" height=\"1000\" src=\"\/wp-content\/uploads\/2026\/06\/febrava-2023-the-largest-and-most-comprehensive-hvac-r-event-in-latin-america-2.webp\" alt=\"Exposici\u00f3n HVAC-R Febrava 2023 en Am\u00e9rica Latina\" class=\"wp-image-2037\" \/><\/a><\/figure>\n<p><strong>HVAC: El futuro de la climatizaci\u00f3n<\/strong><\/p>\n<p>La industria de HVAC evoluciona continuamente, impulsada por la demanda de soluciones energ\u00e9ticamente eficientes y respetuosas con el medio ambiente. Febrava2023 representa una excelente oportunidad para explorar el futuro de la climatizaci\u00f3n con nuestros productos HVAC de gama superior.<\/p>\n<p>Nuestro stand exhibir\u00e1 sistemas HVAC inteligentes que aprovechan la inteligencia artificial y la integraci\u00f3n de IoT (Internet de las cosas) para optimizar el consumo de energ\u00eda, ajustar los par\u00e1metros de temperatura y proporcionar diagn\u00f3sticos en tiempo real. Descubra el potencial de la climatizaci\u00f3n por zonas, donde cada \u00e1rea de un edificio puede contar con configuraciones personalizadas para garantizar el m\u00e1ximo confort minimizando el desperdicio energ\u00e9tico.<\/p>\n<figure class=\"wp-block-image aligncenter size-full\"><a href=\"\/es\/productos\/cross-flow-air-curtain-q-series\/\"><img loading=\"lazy\" decoding=\"async\" width=\"1000\" height=\"1000\" src=\"\/wp-content\/uploads\/2026\/06\/febrava-2023-the-largest-and-most-comprehensive-hvac-r-event-in-latin-america-3.webp\" alt=\"Productos de ventilaci\u00f3n y HRV de KCVENTS en Febrava 2023\" class=\"wp-image-2038\" \/><\/a><\/figure>\n<p><strong>Presentaci\u00f3n de nuestra innovadora gama de productos<\/strong><\/p>\n<p>Febrava2023 es el escenario perfecto para presentar nuestra nueva gama de productos, dise\u00f1ada para revolucionar la industria de la ventilaci\u00f3n y la climatizaci\u00f3n HVAC. Sea de los primeros en presenciar estas soluciones de vanguardia que prometen redefinir la forma en que abordamos la calidad del aire interior y el control del clima.<\/p>\n<p>Desde unidades de ventilaci\u00f3n compactas y potentes adecuadas para espacios reducidos hasta sistemas HRV a gran escala adaptados para complejos industriales, nuestra diversa gama de productos satisface todas las necesidades. Con \u00e9nfasis en la eficiencia energ\u00e9tica, la sostenibilidad ambiental y la facilidad de mantenimiento, nuestras soluciones buscan crear ambientes interiores m\u00e1s saludables mientras contribuyen a un futuro sostenible.<\/p>\n<p><strong>Establezca contactos y colabore<\/strong><\/p>\n<p>M\u00e1s all\u00e1 de la exhibici\u00f3n, Febrava2023 ofrece una oportunidad \u00fanica para interactuar con profesionales, expertos y l\u00edderes del sector de HVAC y ventilaci\u00f3n. En el stand B26, le invitamos a intercambiar ideas, compartir experiencias y explorar posibles colaboraciones. Fortalezca sus conexiones en la industria y obtenga informaci\u00f3n sobre las tendencias emergentes que podr\u00edan definir el futuro de su negocio.<\/p>\n<figure class=\"wp-block-image aligncenter size-full\"><a href=\"\/es\/productos\/ec-inline-fan-with-stepless-speed\/\"><img loading=\"lazy\" decoding=\"async\" width=\"1000\" height=\"1000\" src=\"\/wp-content\/uploads\/2026\/06\/febrava-2023-the-largest-and-most-comprehensive-hvac-r-event-in-latin-america-4.webp\" alt=\"Exposici\u00f3n de KCVENTS en Febrava 2023\" class=\"wp-image-2039\" \/><\/a><\/figure>\n<p><strong>Reserve la fecha para Febrava2023<\/strong><\/p>\n<p>A medida que se acerca el 12-15 de septiembre para Febrava2023, aseg\u00farese de reservar un espacio en su agenda para visitar nuestro stand B26. Conozca de primera mano los avances en ventilaci\u00f3n, HRV y HVAC que indudablemente marcar\u00e1n la trayectoria de la industria. Acomp\u00e1\u00f1enos en este extraordinario evento, donde la innovaci\u00f3n y la excelencia convergen para construir un mundo sostenible y confortable.<\/p>\n<p>S\u00edganos en nuestro sitio web <a href=\"https:\/\/www.kcvents.com\/es\/\">www.kcvents.com<\/a> para conocer las \u00faltimas actualizaciones sobre Febrava2023, \u00a1y esperamos darle la bienvenida en el stand B26 para brindarle una experiencia inolvidable!<\/p>\n<p>Para m\u00e1s informaci\u00f3n sobre nuestros productos o para solicitar una cotizaci\u00f3n, por favor <a href=\"\/es\/request-quote\/\">cont\u00e1ctenos<\/a> o visite nuestras <a href=\"\/es\/productos\/\">p\u00e1ginas de productos<\/a>.<\/p>","protected":false},"excerpt":{"rendered":"<p>Are you passionate about cutting-edge ventilation technologies, HRV (Heat Recovery Ventilation) systems, and HVAC (Heating, Ventilation, and Air Conditioning) solutions? If so, mark your calendars for September 12 to 15 Febrava2023, the most anticipated exhibition for the HVAC industry. Join us at booth B26 to witness a showcase of revolutionary products and gain valuable insights [&hellip;]<\/p>\n","protected":false},"author":1,"featured_media":2020,"comment_status":"open","ping_status":"open","sticky":false,"template":"","format":"standard","meta":{"_gspb_post_css":"","footnotes":""},"categories":[1],"tags":[],"class_list":["post-2021","post","type-post","status-publish","format-standard","has-post-thumbnail","hentry","category-uncategorized"],"blocksy_meta":[],"_links":{"self":[{"href":"https:\/\/www.kcvents.com\/es\/wp-json\/wp\/v2\/posts\/2021","targetHints":{"allow":["GET"]}}],"collection":[{"href":"https:\/\/www.kcvents.com\/es\/wp-json\/wp\/v2\/posts"}],"about":[{"href":"https:\/\/www.kcvents.com\/es\/wp-json\/wp\/v2\/types\/post"}],"author":[{"embeddable":true,"href":"https:\/\/www.kcvents.com\/es\/wp-json\/wp\/v2\/users\/1"}],"replies":[{"embeddable":true,"href":"https:\/\/www.kcvents.com\/es\/wp-json\/wp\/v2\/comments?post=2021"}],"version-history":[{"count":4,"href":"https:\/\/www.kcvents.com\/es\/wp-json\/wp\/v2\/posts\/2021\/revisions"}],"predecessor-version":[{"id":4238,"href":"https:\/\/www.kcvents.com\/es\/wp-json\/wp\/v2\/posts\/2021\/revisions\/4238"}],"wp:featuredmedia":[{"embeddable":true,"href":"https:\/\/www.kcvents.com\/es\/wp-json\/wp\/v2\/media\/2020"}],"wp:attachment":[{"href":"https:\/\/www.kcvents.com\/es\/wp-json\/wp\/v2\/media?parent=2021"}],"wp:term":[{"taxonomy":"category","embeddable":true,"href":"https:\/\/www.kcvents.com\/es\/wp-json\/wp\/v2\/categories?post=2021"},{"taxonomy":"post_tag","embeddable":true,"href":"https:\/\/www.kcvents.com\/es\/wp-json\/wp\/v2\/tags?post=2021"}],"curies":[{"name":"wp","href":"https:\/\/api.w.org\/{rel}","templated":true}]}}