{"id":1953,"date":"2025-12-03T04:32:26","date_gmt":"2025-12-02T20:32:26","guid":{"rendered":"https:\/\/www.kcvents.com\/?p=1953"},"modified":"2026-08-26T09:20:02","modified_gmt":"2026-08-26T01:20:02","slug":"see-the-future-of-ventilation-with-kcvents-at-ahr-expo-2026-in-las-vegas","status":"publish","type":"post","link":"https:\/\/www.kcvents.com\/fr\/see-the-future-of-ventilation-with-kcvents-at-ahr-expo-2026-in-las-vegas\/","title":{"rendered":"D\u00e9couvrez l'avenir de la ventilation avec KCVENTS \u00e0 l'AHR Expo 2026 \u00e0 Las Vegas !"},"content":{"rendered":"<figure class=\"wp-block-image aligncenter size-full is-style-default\"><img loading=\"lazy\" decoding=\"async\" width=\"1920\" height=\"858\" src=\"\/wp-content\/uploads\/2026\/06\/meet-kcvents-at-ahr-expo-2026-booth-sl2826-1.webp\" alt=\"Affiche d&#039;invitation KCVENTS pour l&#039;AHR Expo 2026 \u00e0 Las Vegas, stand SL2826\" class=\"wp-image-3591\" \/><\/figure>\n<p>Nous sommes ravis d'annoncer que&nbsp;<strong>KCVENTS<\/strong>&nbsp;se rend \u00e0 Las Vegas pour l'AHR Expo ! En tant que l'un des plus grands <a href=\"\/fr\/produits\/\">HVAC<\/a> \u00e9v\u00e9nements au monde, l'AHR rassemble des professionnels du monde entier \u2014 et nous sommes pr\u00eats \u00e0 pr\u00e9senter nos derni\u00e8res innovations en mati\u00e8re de ventilation, de purification d'air et de solutions de r\u00e9cup\u00e9ration de chaleur.<\/p>\n<p>\ud83d\udccd Lieu : Las Vegas Convention Center<br \/>\ud83d\udcc5 Dates : du 2 au 4 f\u00e9vrier 2026<br \/>\ud83e\udded Stand n\u00b0 : SL2826<\/p>\n<hr class=\"wp-block-separator has-alpha-channel-opacity\"\/>\n<p><strong>Ce que vous d\u00e9couvrirez sur notre stand<\/strong><strong><\/strong><\/p>\n<p><strong>\u2022 <a href=\"\/fr\/produits\/single-room-heat-recovery-units-vt501\/\" data-type=\"link\" data-id=\"\/products\/single-room-heat-recovery-units-vt501\/\" target=\"_blank\" rel=\"noreferrer noopener\">VT501<\/a> \/<a href=\"\/fr\/produits\/wall-mounted-hepa-fan-vt501-f\/\" data-type=\"link\" data-id=\"\/products\/wall-mounted-hepa-fan-vt501-f\/\" target=\"_blank\" rel=\"noreferrer noopener\"> VT501-F <\/a>S\u00e9rie de VRC pour pi\u00e8ce unique<\/strong><\/p>\n<ul class=\"wp-block-list\">\n<li>\u00c9changeur de chaleur en c\u00e9ramique \u00e0 haute efficacit\u00e9<\/li>\n<li>R\u00e9gulation intelligente de l'humidit\u00e9 (logique \u00e0 3 niveaux)<\/li>\n<li>Filtration HEPA et charbon actif en option<\/li>\n<li>Id\u00e9al pour les logements, les \u00e9coles et les bureaux<\/li>\n<\/ul>\n<p><strong>\u2022 Solutions compl\u00e8tes de ventilation EC<\/strong><strong><\/strong><\/p>\n<ul class=\"wp-block-list\">\n<li>Technologie EC haut de gamme<\/li>\n<li>Rendement sup\u00e9rieur, niveau sonore r\u00e9duit et \u00e9conomies d'\u00e9nergie<\/li>\n<li>Plusieurs mod\u00e8les disponibles pour les projets OEM\/ODM<\/li>\n<\/ul>\n<p><strong>\u2022 Ventilation pour grands volumes et ventilateurs industriels<\/strong><strong><\/strong><\/p>\n<ul class=\"wp-block-list\">\n<li><a href=\"\/fr\/categorie-produit\/portable-blower\/\" data-type=\"link\" data-id=\"\/product-category\/portable-blower\/\" target=\"_blank\" rel=\"noreferrer noopener\">Ventilateurs h\u00e9lico\u00efdes \u00e0 fort d\u00e9bit d'air<\/a><\/li>\n<li>Solutions de ventilation pour ateliers et entrep\u00f4ts<\/li>\n<\/ul>\n<hr class=\"wp-block-separator has-alpha-channel-opacity\"\/>\n<p><strong>\ud83e\udd1d D\u00e9veloppons nos opportunit\u00e9s commerciales<\/strong><\/p>\n<p>Nous vous invitons \u00e0 visiter le <strong>Stand n\u00b0 : SL2826<\/strong>&nbsp;pour explorer nos derniers produits, \u00e9changer sur les opportunit\u00e9s OEM\/ODM et d\u00e9couvrir nos partenariats pour 2026.<\/p>\n<p>\ud83d\udce9 Planifier un rendez-vous d\u00e8s maintenant : <a href=\"mailto:huoyee@kcvents.com\">huoyee@kcvents.com<\/a><\/p>\n<p>Nous nous r\u00e9jouissons de vous accueillir \u00e0 Las Vegas !<\/p>\n<p>Pour plus d'informations sur nos produits ou pour demander un devis, veuillez <a href=\"\/fr\/request-quote\/\">nous contacter<\/a> ou visiter nos <a href=\"\/fr\/produits\/\">pages produits<\/a>.<\/p>","protected":false},"excerpt":{"rendered":"<p>We are thrilled to announce that&nbsp;KCVENTS&nbsp;is heading to Las Vegas for the AHR Expo!&nbsp;As one of the world\u2019s largest HVAC events, AHR brings together global professionals \u2014 and we are ready to showcase our latest innovations in ventilation, air purification, and heat recovery solutions. \ud83d\udccd Location: Las Vegas Convention Center\ud83d\udcc5 Dates: February 2\u20134, 2026\ud83e\udded Booth [&hellip;]<\/p>\n","protected":false},"author":1,"featured_media":1952,"comment_status":"open","ping_status":"open","sticky":false,"template":"","format":"standard","meta":{"_gspb_post_css":"","footnotes":""},"categories":[1],"tags":[],"class_list":["post-1953","post","type-post","status-publish","format-standard","has-post-thumbnail","hentry","category-uncategorized"],"blocksy_meta":[],"_links":{"self":[{"href":"https:\/\/www.kcvents.com\/fr\/wp-json\/wp\/v2\/posts\/1953","targetHints":{"allow":["GET"]}}],"collection":[{"href":"https:\/\/www.kcvents.com\/fr\/wp-json\/wp\/v2\/posts"}],"about":[{"href":"https:\/\/www.kcvents.com\/fr\/wp-json\/wp\/v2\/types\/post"}],"author":[{"embeddable":true,"href":"https:\/\/www.kcvents.com\/fr\/wp-json\/wp\/v2\/users\/1"}],"replies":[{"embeddable":true,"href":"https:\/\/www.kcvents.com\/fr\/wp-json\/wp\/v2\/comments?post=1953"}],"version-history":[{"count":7,"href":"https:\/\/www.kcvents.com\/fr\/wp-json\/wp\/v2\/posts\/1953\/revisions"}],"predecessor-version":[{"id":4229,"href":"https:\/\/www.kcvents.com\/fr\/wp-json\/wp\/v2\/posts\/1953\/revisions\/4229"}],"wp:featuredmedia":[{"embeddable":true,"href":"https:\/\/www.kcvents.com\/fr\/wp-json\/wp\/v2\/media\/1952"}],"wp:attachment":[{"href":"https:\/\/www.kcvents.com\/fr\/wp-json\/wp\/v2\/media?parent=1953"}],"wp:term":[{"taxonomy":"category","embeddable":true,"href":"https:\/\/www.kcvents.com\/fr\/wp-json\/wp\/v2\/categories?post=1953"},{"taxonomy":"post_tag","embeddable":true,"href":"https:\/\/www.kcvents.com\/fr\/wp-json\/wp\/v2\/tags?post=1953"}],"curies":[{"name":"wp","href":"https:\/\/api.w.org\/{rel}","templated":true}]}}