{"id":1972,"date":"2024-10-30T06:11:58","date_gmt":"2024-10-29T22:11:58","guid":{"rendered":"https:\/\/www.kcvents.com\/?p=1972"},"modified":"2026-08-26T09:20:18","modified_gmt":"2026-08-26T01:20:18","slug":"kcvents-attends-ahr-orlando-2025","status":"publish","type":"post","link":"https:\/\/www.kcvents.com\/fr\/kcvents-attends-ahr-orlando-2025\/","title":{"rendered":"KCVENTS Attends AHR Orlando 2025"},"content":{"rendered":"<p>KCVENTS est ravi d'annoncer sa participation \u00e0 l'AHR Expo \u00e0 Orlando, en Floride, qui se tiendra du 10 au 12 f\u00e9vrier 2025. En tant que l'un des salons CVC-R les plus importants et les plus influents au monde, l'AHR Expo rassemble des professionnels et des entreprises de toute l'industrie, offrant une plateforme unique pour d\u00e9velopper son r\u00e9seau, se former et d\u00e9couvrir les derni\u00e8res technologies.<\/p>\n<h4 class=\"wp-block-heading\">Un engagement envers l'excellence<\/h4>\n<p>Chez KCVENTS, nous sommes fiers de notre vaste exp\u00e9rience en fabrication et de notre engagement \u00e0 fournir des solutions de ventilation de haute qualit\u00e9. Notre gamme de produits comprend des g\u00e9n\u00e9rateurs d'air chaud au fioul perfectionn\u00e9s, des climatiseurs mobiles, des d\u00e9shumidificateurs, des a\u00e9rothermes \u00e9lectriques, des ventilateurs de conduit en ligne, des ventilateurs h\u00e9lico\u00efdes, des ventilateurs centrifuges, des ventilateurs de s\u00e9chage sp\u00e9cialis\u00e9s et des motoventilateurs \u00e0 rotor externe. Chaque produit est con\u00e7u pour garantir la satisfaction du client, refl\u00e9tant notre engagement envers l'excellence et l'innovation dans le secteur CVC-R.<\/p>\n<figure class=\"wp-block-image aligncenter size-full\"><img decoding=\"async\" fetchpriority=\"high\" width=\"1000\" height=\"1000\" src=\"\/wp-content\/uploads\/2026\/06\/kcvents-attends-ahr-orlando-2025-1.webp\" alt=\"Stand KCVENTS \u00e0 l&#039;AHR Expo Orlando 2025\" class=\"wp-image-2347\" \/><\/figure>\n<h4 class=\"wp-block-heading\">Ce qui vous attend sur notre stand<\/h4>\n<p>Les visiteurs du stand <strong>9524<\/strong> pourront profiter d'une exp\u00e9rience interactive mettant en avant nos tout derniers produits et technologies. Nous pr\u00e9senterons nos mod\u00e8les phares, notamment le ventilateur centrifuge avec filtre HEPA DPT15-45J et le ventilateur d'air neuf en plastique, qui ont tous deux fait leurs preuves aupr\u00e8s de nos clients. Notre \u00e9quipe sera \u00e0 votre disposition pour d\u00e9tailler les caract\u00e9ristiques et les avantages de ces produits, r\u00e9pondre \u00e0 vos questions et expliquer comment ils am\u00e9liorent la qualit\u00e9 de l'air ainsi que l'efficacit\u00e9 \u00e9nerg\u00e9tique dans diverses applications.<\/p>\n<figure class=\"wp-block-image aligncenter size-full\"><img loading=\"lazy\" decoding=\"async\" width=\"1000\" height=\"1000\" src=\"\/wp-content\/uploads\/2026\/06\/kcvents-attends-ahr-orlando-2025-2.webp\" alt=\"Produits KCVENTS \u00e0 l&#039;AHR Expo 2025 Orlando\" class=\"wp-image-2345\" \/><\/figure>\n<p>De plus, nous sommes ravis de pr\u00e9senter notre unit\u00e9 pour pi\u00e8ce unique <a href=\"\/fr\/categorie-produit\/single-room-hrv\/\">HRV<\/a> (<a href=\"\/fr\/produits\/single-room-heat-recovery-units-vt501\/\">VT501<\/a>) et notre ventilateur mural HEPA (VT502), qui connaissent un succ\u00e8s grandissant sur le march\u00e9. Ces produits sont particuli\u00e8rement adapt\u00e9s aux environnements r\u00e9sidentiels et tertiaires o\u00f9 la qualit\u00e9 de l'air est une priorit\u00e9 absolue. Notre \u00e9quipe d'experts sera sur place pour r\u00e9aliser des d\u00e9monstrations, partager les sp\u00e9cifications techniques et \u00e9tudier les possibilit\u00e9s de personnalisation OEM pour r\u00e9pondre aux besoins sp\u00e9cifiques de chaque client.<\/p>\n<figure class=\"wp-block-image aligncenter size-full\"><img loading=\"lazy\" decoding=\"async\" width=\"1000\" height=\"1000\" src=\"\/wp-content\/uploads\/2026\/06\/kcvents-attends-ahr-orlando-2025-3.webp\" alt=\"\u00c9quipe KCVENTS \u00e0 l&#039;AHR Expo Orlando\" class=\"wp-image-2346\" \/><\/figure>\n<h4 class=\"wp-block-heading\">Opportunit\u00e9s de r\u00e9seautage<\/h4>\n<p>L'AHR Orlando 2025 constitue une opportunit\u00e9 inestimable pour les professionnels du secteur de nouer des contacts et de collaborer. KCVENTS a h\u00e2te d'\u00e9changer avec ses partenaires, fournisseurs et clients potentiels afin d'explorer de nouvelles opportunit\u00e9s commerciales et d'aborder les tendances du march\u00e9. Nous sommes convaincus que la collaboration est essentielle pour stimuler l'innovation et faire progresser nos objectifs communs dans le secteur CVC-R.<\/p>\n<h4 class=\"wp-block-heading\">Durabilit\u00e9 et tendances futures<\/h4>\n<p>Alors que l'industrie continue d'\u00e9voluer, la durabilit\u00e9 demeure au c\u0153ur de nos priorit\u00e9s. Chez KCVENTS, nous nous engageons \u00e0 concevoir des produits respectueux de l'environnement qui non seulement r\u00e9pondent aux normes du secteur, mais les d\u00e9passent. Notre participation \u00e0 l'AHR Orlando s'inscrit parfaitement dans notre mission : contribuer \u00e0 un avenir plus vert gr\u00e2ce \u00e0 des solutions de ventilation innovantes favorisant l'efficacit\u00e9 \u00e9nerg\u00e9tique et r\u00e9duisant l'empreinte carbone.<\/p>\n<h4 class=\"wp-block-heading\">Venez nous rencontrer \u00e0 l'AHR Orlando 2025<\/h4>\n<p>Nous invitons tous les participants \u00e0 venir nous rendre visite sur notre stand <strong>9524<\/strong> pour d\u00e9couvrir comment nos produits peuvent optimiser vos syst\u00e8mes CVC-R et am\u00e9liorer la qualit\u00e9 de l'air int\u00e9rieur. Que vous soyez installateur, distributeur ou utilisateur final, notre \u00e9quipe se tient pr\u00eate \u00e0 vous accompagner pour trouver les solutions parfaitement adapt\u00e9es \u00e0 vos besoins.<\/p>\n<figure class=\"wp-block-image aligncenter size-full\"><img loading=\"lazy\" decoding=\"async\" width=\"1200\" height=\"1200\" src=\"\/wp-content\/uploads\/2026\/06\/kcvents-attends-ahr-orlando-2025-4.webp\" alt=\"Espace d&#039;exposition KCVENTS \u00e0 l&#039;AHR Expo 2025\" class=\"wp-image-2348\" \/><\/figure>\n<p>Rejoignez-nous \u00e0 l'AHR Orlando 2025 pour explorer l'avenir du CVC-R avec KCVENTS. Ensemble, faisons un pas vers l'innovation, l'excellence et un avenir durable pour l'industrie.<\/p>\n<p>Pour plus d'informations sur notre participation et notre gamme de produits, veuillez consulter notre site Web ou nous contacter directement. Au plaisir de vous rencontrer \u00e0 Orlando !<\/p>\n<p>Pour plus d'informations sur nos produits ou pour demander un devis, veuillez <a href=\"\/fr\/request-quote\/\">nous contacter<\/a> ou visiter nos <a href=\"\/fr\/produits\/\">pages produits<\/a>.<\/p>","protected":false},"excerpt":{"rendered":"<p>KCVENTS is excited to announce our participation in the AHR Expo in Orlando, Florida, taking place from February 10-12, 2025. As one of the largest and most influential HVACR events in the world, the AHR Expo attracts professionals and companies from across the industry, providing a unique platform for networking, learning, and showcasing the latest [&hellip;]<\/p>\n","protected":false},"author":1,"featured_media":1971,"comment_status":"open","ping_status":"open","sticky":false,"template":"","format":"standard","meta":{"_gspb_post_css":"","footnotes":""},"categories":[1],"tags":[],"class_list":["post-1972","post","type-post","status-publish","format-standard","has-post-thumbnail","hentry","category-uncategorized"],"blocksy_meta":[],"_links":{"self":[{"href":"https:\/\/www.kcvents.com\/fr\/wp-json\/wp\/v2\/posts\/1972","targetHints":{"allow":["GET"]}}],"collection":[{"href":"https:\/\/www.kcvents.com\/fr\/wp-json\/wp\/v2\/posts"}],"about":[{"href":"https:\/\/www.kcvents.com\/fr\/wp-json\/wp\/v2\/types\/post"}],"author":[{"embeddable":true,"href":"https:\/\/www.kcvents.com\/fr\/wp-json\/wp\/v2\/users\/1"}],"replies":[{"embeddable":true,"href":"https:\/\/www.kcvents.com\/fr\/wp-json\/wp\/v2\/comments?post=1972"}],"version-history":[{"count":4,"href":"https:\/\/www.kcvents.com\/fr\/wp-json\/wp\/v2\/posts\/1972\/revisions"}],"predecessor-version":[{"id":4232,"href":"https:\/\/www.kcvents.com\/fr\/wp-json\/wp\/v2\/posts\/1972\/revisions\/4232"}],"wp:featuredmedia":[{"embeddable":true,"href":"https:\/\/www.kcvents.com\/fr\/wp-json\/wp\/v2\/media\/1971"}],"wp:attachment":[{"href":"https:\/\/www.kcvents.com\/fr\/wp-json\/wp\/v2\/media?parent=1972"}],"wp:term":[{"taxonomy":"category","embeddable":true,"href":"https:\/\/www.kcvents.com\/fr\/wp-json\/wp\/v2\/categories?post=1972"},{"taxonomy":"post_tag","embeddable":true,"href":"https:\/\/www.kcvents.com\/fr\/wp-json\/wp\/v2\/tags?post=1972"}],"curies":[{"name":"wp","href":"https:\/\/api.w.org\/{rel}","templated":true}]}}