{"id":2008,"date":"2023-09-15T08:04:09","date_gmt":"2023-09-15T00:04:09","guid":{"rendered":"https:\/\/www.kcvents.com\/?p=2008"},"modified":"2026-08-26T09:20:42","modified_gmt":"2026-08-26T01:20:42","slug":"kcvents-day-3-at-2023-febrava-hvac-r-exhibition","status":"publish","type":"post","link":"https:\/\/www.kcvents.com\/fr\/kcvents-day-3-at-2023-febrava-hvac-r-exhibition\/","title":{"rendered":"<strong>KCVENTS Day 3 At 2023 Febrava HVAC-R exhibition<\/strong>"},"content":{"rendered":"<p>KCVENTS a connu une 3e journ\u00e9e fructueuse au salon Febrava 2023 <a href=\"\/fr\/produits\/\">HVAC<\/a>-R ! La signature de contrats directement avec les clients t\u00e9moigne clairement de l'int\u00e9r\u00eat et de la confiance qu'ils portent \u00e0 vos produits. Il est \u00e9vident que votre stand et vos produits ont fait une excellente impression aupr\u00e8s des visiteurs.<\/p>\n<figure class=\"wp-block-image aligncenter size-full\"><img decoding=\"async\" fetchpriority=\"high\" width=\"1000\" height=\"1000\" src=\"\/wp-content\/uploads\/2026\/06\/kcvents-day-3-at-2023-febrava-hvac-r-exhibition-1.webp\" alt=\"Stand KCVENTS - Jour 3 au salon CVC-R Febrava 2023\" class=\"wp-image-2058\" \/><\/figure>\n<p>Voici quelques points cl\u00e9s \u00e0 prendre en compte pour poursuivre vos \u00e9changes avec les clients et prospects pendant le salon :<\/p>\n<p>L'\u00e9quipe KCVENTS est parfaitement pr\u00e9par\u00e9e et poss\u00e8de une connaissance approfondie de nos produits. Les clients appr\u00e9cient d'obtenir des informations d\u00e9taill\u00e9es et des r\u00e9ponses directes \u00e0 leurs questions sur place.<\/p>\n<p>Pensez \u00e0 proposer des d\u00e9monstrations en direct de vos produits. Cela permet aux clients de comprendre concr\u00e8tement leur fonctionnement et les avantages qu'ils procurent.<\/p>\n<figure class=\"wp-block-image aligncenter size-full\"><img loading=\"lazy\" decoding=\"async\" width=\"1000\" height=\"1000\" src=\"\/wp-content\/uploads\/2026\/06\/kcvents-day-3-at-2023-febrava-hvac-r-exhibition-2.webp\" alt=\"L&#039;\u00e9quipe KCVENTS \u00e0 la rencontre des clients \u00e0 Febrava 2023\" class=\"wp-image-2059\" \/><\/figure>\n<p>La <a href=\"\/fr\/produits\/single-room-heat-recovery-units-vt501\/\">VT501<\/a> Le ventilateur r\u00e9cup\u00e9rateur de chaleur pour pi\u00e8ce unique (<a href=\"\/fr\/categorie-produit\/single-room-hrv\/\">HRV<\/a>) est un produit phare de votre gamme CVC-R. Les VRC (HRV) sont indispensables pour am\u00e9liorer la qualit\u00e9 de l'air int\u00e9rieur et l'efficacit\u00e9 \u00e9nerg\u00e9tique des espaces r\u00e9sidentiels et commerciaux.<\/p>\n<figure class=\"wp-block-image aligncenter size-full\"><a href=\"\/fr\/produits\/single-room-heat-recovery-units-vt501\/\"><img loading=\"lazy\" decoding=\"async\" width=\"1500\" height=\"1500\" src=\"\/wp-content\/uploads\/2026\/06\/kcvents-day-3-at-2023-febrava-hvac-r-exhibition-3.webp\" alt=\"Produits KCVENTS \u00e0 Febrava 2023 - Jour 3\" class=\"wp-image-2060\" \/><\/a><\/figure>\n<p>L'autre produit incontournable est le <a href=\"\/fr\/categorie-produit\/air-curtain\/\">air curtain<\/a>. Les visiteurs du salon manifestent un vif int\u00e9r\u00eat pour votre gamme de rideaux d'air. Les rideaux d'air offrent de multiples avantages dans divers environnements commerciaux et industriels, ce qui en fait une solution tr\u00e8s pris\u00e9e par les entreprises.<\/p>\n<figure class=\"wp-block-image aligncenter size-full\"><a href=\"\/fr\/categorie-produit\/air-curtain\/\"><img loading=\"lazy\" decoding=\"async\" width=\"1500\" height=\"1500\" src=\"\/wp-content\/uploads\/2026\/06\/kcvents-day-3-at-2023-febrava-hvac-r-exhibition-4.webp\" alt=\"Visiteurs sur le stand KCVENTS \u00e0 Febrava 2023\" class=\"wp-image-2061\" \/><\/a><\/figure>\n<p>\u00c9tablir une relation de confiance avec les clients constitue une r\u00e9ussite majeure, et il est tr\u00e8s encourageant de constater que les visiteurs du salon expriment leur confiance dans la qualit\u00e9 des produits KCVENTS et souhaitent collaborer. La confiance est le socle de relations commerciales fructueuses, propices aux partenariats \u00e0 long terme et \u00e0 la fid\u00e9lisation. Voici quelques d\u00e9marches pour consolider et entretenir cette confiance :<\/p>\n<p>Nous avons d\u00e9marr\u00e9 le salon CVC-R Febrava sur les chapeaux de roues. Poursuivez sur cette belle lanc\u00e9e et plein succ\u00e8s pour le reste de l'\u00e9v\u00e9nement !<\/p>\n<figure class=\"wp-block-image aligncenter size-full\"><img loading=\"lazy\" decoding=\"async\" width=\"1000\" height=\"1000\" src=\"\/wp-content\/uploads\/2026\/06\/kcvents-day-3-at-2023-febrava-hvac-r-exhibition-5.webp\" alt=\"Signature de contrats sur le stand KCVENTS \u00e0 Febrava 2023\" class=\"wp-image-2062\" \/><\/figure>\n<p>KCVENTS a obtenu d'excellents r\u00e9sultats au salon CVC-R Febrava 2023 ! Au vu des retours positifs et de l'int\u00e9r\u00eat manifest\u00e9 par les clients durant l'\u00e9v\u00e9nement, vos produits et votre \u00e9quipe r\u00e9pondent manifestement aux attentes des visiteurs.<\/p>\n<p>Pour plus d'informations sur nos produits ou pour demander un devis, veuillez <a href=\"\/fr\/request-quote\/\">nous contacter<\/a> ou visiter nos <a href=\"\/fr\/produits\/\">pages produits<\/a>.<\/p>","protected":false},"excerpt":{"rendered":"<p>KCVENTS got a successful Day 3 at the 2023 Febrava HVAC-R exhibition! Signing contracts directly with clients is a great indication of the interest and trust they have in your products. It&#8217;s clear that your booth and products have made a positive impression on attendees. Here are some key points to consider as you continue [&hellip;]<\/p>\n","protected":false},"author":1,"featured_media":2006,"comment_status":"open","ping_status":"open","sticky":false,"template":"","format":"standard","meta":{"_gspb_post_css":"","footnotes":""},"categories":[1],"tags":[],"class_list":["post-2008","post","type-post","status-publish","format-standard","has-post-thumbnail","hentry","category-uncategorized"],"blocksy_meta":[],"_links":{"self":[{"href":"https:\/\/www.kcvents.com\/fr\/wp-json\/wp\/v2\/posts\/2008","targetHints":{"allow":["GET"]}}],"collection":[{"href":"https:\/\/www.kcvents.com\/fr\/wp-json\/wp\/v2\/posts"}],"about":[{"href":"https:\/\/www.kcvents.com\/fr\/wp-json\/wp\/v2\/types\/post"}],"author":[{"embeddable":true,"href":"https:\/\/www.kcvents.com\/fr\/wp-json\/wp\/v2\/users\/1"}],"replies":[{"embeddable":true,"href":"https:\/\/www.kcvents.com\/fr\/wp-json\/wp\/v2\/comments?post=2008"}],"version-history":[{"count":4,"href":"https:\/\/www.kcvents.com\/fr\/wp-json\/wp\/v2\/posts\/2008\/revisions"}],"predecessor-version":[{"id":4237,"href":"https:\/\/www.kcvents.com\/fr\/wp-json\/wp\/v2\/posts\/2008\/revisions\/4237"}],"wp:featuredmedia":[{"embeddable":true,"href":"https:\/\/www.kcvents.com\/fr\/wp-json\/wp\/v2\/media\/2006"}],"wp:attachment":[{"href":"https:\/\/www.kcvents.com\/fr\/wp-json\/wp\/v2\/media?parent=2008"}],"wp:term":[{"taxonomy":"category","embeddable":true,"href":"https:\/\/www.kcvents.com\/fr\/wp-json\/wp\/v2\/categories?post=2008"},{"taxonomy":"post_tag","embeddable":true,"href":"https:\/\/www.kcvents.com\/fr\/wp-json\/wp\/v2\/tags?post=2008"}],"curies":[{"name":"wp","href":"https:\/\/api.w.org\/{rel}","templated":true}]}}