{"id":2021,"date":"2023-07-22T02:31:38","date_gmt":"2023-07-21T18:31:38","guid":{"rendered":"https:\/\/www.kcvents.com\/?p=2021"},"modified":"2026-08-26T09:20:49","modified_gmt":"2026-08-26T01:20:49","slug":"febrava-2023-the-largest-and-most-comprehensive-hvac-r-event-in-latin-america","status":"publish","type":"post","link":"https:\/\/www.kcvents.com\/fr\/febrava-2023-the-largest-and-most-comprehensive-hvac-r-event-in-latin-america\/","title":{"rendered":"Febrava 2023,\u00a0the largest and most comprehensive\u00a0HVAC-R\u00a0event\u00a0in Latin America!"},"content":{"rendered":"<p>Vous passionnez-vous pour les technologies de ventilation de pointe, <a href=\"\/fr\/categorie-produit\/single-room-hrv\/\">HRV<\/a> les syst\u00e8mes VRC (ventilation \u00e0 r\u00e9cup\u00e9ration de chaleur) et <a href=\"\/fr\/produits\/\">HVAC<\/a> les solutions CVC (chauffage, ventilation et climatisation) ? Si c'est le cas, r\u00e9servez vos dates du 12 au 15 septembre pour Febrava2023, le salon le plus attendu de l'industrie CVC. Rejoignez-nous au stand B26 pour d\u00e9couvrir une pr\u00e9sentation de produits r\u00e9volutionnaires et obtenir des perspectives pr\u00e9cieuses sur l'avenir de la qualit\u00e9 de l'air int\u00e9rieur et du g\u00e9nie climatique. <strong>D\u00e9couvrez les derni\u00e8res innovations en mati\u00e8re de ventilation, VRC et CVC \u00e0 Febrava2023 \u2013 Rendez visite \u00e0 KCVENTS au stand B26 !<\/strong><\/p>\n<figure class=\"wp-block-image aligncenter size-full\"><img decoding=\"async\" fetchpriority=\"high\" width=\"1000\" height=\"1000\" src=\"\/wp-content\/uploads\/2026\/06\/febrava-2023-the-largest-and-most-comprehensive-hvac-r-event-in-latin-america-1.webp\" alt=\"Stand KCVENTS B26 \u00e0 Febrava 2023\" class=\"wp-image-2036\" \/><\/figure>\n<p><strong>Febrava2023 : une passerelle vers les avanc\u00e9es de la ventilation<\/strong><\/p>\n<p>Organis\u00e9 tous les deux ans, Febrava s'est impos\u00e9 comme l'un des salons CVC majeurs \u00e0 l'\u00e9chelle mondiale. Cet \u00e9v\u00e9nement rassemble des professionnels du secteur, des chercheurs et des sp\u00e9cialistes du monde entier, offrant ainsi une opportunit\u00e9 in\u00e9gal\u00e9e de d\u00e9couvrir les derni\u00e8res tendances et innovations du secteur de la ventilation.<\/p>\n<p>Au stand B26, l'\u00e9quipe d'experts de KCVENTS est pr\u00eate \u00e0 vous pr\u00e9senter des solutions de ventilation de pointe alliant efficacit\u00e9, durabilit\u00e9 et technologie avanc\u00e9e. Que vous soyez un professionnel chevronn\u00e9 ou un nouvel arrivant dans l'industrie du CVC, notre stand vous propose une mine d'informations techniques et d'opportunit\u00e9s de r\u00e9seautage.<\/p>\n<p><strong>VRC : am\u00e9liorer la qualit\u00e9 de l'air int\u00e9rieur et l'efficacit\u00e9 \u00e9nerg\u00e9tique<\/strong><\/p>\n<p>Les syst\u00e8mes de ventilation \u00e0 r\u00e9cup\u00e9ration de chaleur (HRV \/ VRC) se sont impos\u00e9s comme une solution incontournable dans le domaine de la gestion de la qualit\u00e9 de l'air int\u00e9rieur. Face \u00e0 des b\u00e2timents de plus en plus \u00e9tanches \u00e0 l'air pour des raisons d'\u00e9conomies d'\u00e9nergie, les syst\u00e8mes VRC jouent un r\u00f4le crucial pour assurer un renouvellement d'air continu tout en r\u00e9cup\u00e9rant efficacement la chaleur de l'air extrait. Le r\u00e9sultat ? Un environnement int\u00e9rieur plus sain et plus confortable, associ\u00e9 \u00e0 une consommation \u00e9nerg\u00e9tique r\u00e9duite.<\/p>\n<p>Notre stand \u00e0 Febrava2023 pr\u00e9sentera des syst\u00e8mes VRC \u00e0 la pointe de la technologie, int\u00e9grant les derni\u00e8res avanc\u00e9es en mati\u00e8re de conception et d'ing\u00e9nierie. Venez d\u00e9couvrir les diff\u00e9rents mod\u00e8les con\u00e7us pour les applications r\u00e9sidentielles, tertiaires et industrielles, chacun r\u00e9pondant \u00e0 des exigences pr\u00e9cises de ventilation. D\u00e9couvrez comment les syst\u00e8mes VRC permettent de maintenir un air int\u00e9rieur sain et \u00e9quilibr\u00e9 en renouvelant l'air vici\u00e9 par de l'air ext\u00e9rieur filtr\u00e9 et temp\u00e9r\u00e9.<\/p>\n<figure class=\"wp-block-image aligncenter size-full\"><a href=\"\/fr\/produits\/single-room-heat-recovery-units-vt501\/\"><img loading=\"lazy\" decoding=\"async\" width=\"1000\" height=\"1000\" src=\"\/wp-content\/uploads\/2026\/06\/febrava-2023-the-largest-and-most-comprehensive-hvac-r-event-in-latin-america-2.webp\" alt=\"Salon HVAC-R Febrava 2023 en Am\u00e9rique latine\" class=\"wp-image-2037\" \/><\/a><\/figure>\n<p><strong>CVC : l'avenir du g\u00e9nie climatique<\/strong><\/p>\n<p>Le secteur du CVC \u00e9volue en permanence, port\u00e9 par la demande croissante de solutions \u00e9co\u00e9nerg\u00e9tiques et respectueuses de l'environnement. Febrava2023 repr\u00e9sente une excellente occasion d'explorer l'avenir du g\u00e9nie climatique gr\u00e2ce \u00e0 nos \u00e9quipements CVC haut de gamme.<\/p>\n<p>Notre stand mettra en lumi\u00e8re des syst\u00e8mes CVC intelligents exploitant l'intelligence artificielle et l'int\u00e9gration IoT (Internet des objets) afin d'optimiser la consommation d'\u00e9nergie, d'ajuster les consignes de temp\u00e9rature et de fournir des diagnostics en temps r\u00e9el. D\u00e9couvrez le potentiel de la r\u00e9gulation climatique multizone, o\u00f9 chaque zone d'un b\u00e2timent b\u00e9n\u00e9ficie de r\u00e9glages personnalis\u00e9s afin de garantir un confort thermique maximal tout en minimisant les d\u00e9perditions d'\u00e9nergie.<\/p>\n<figure class=\"wp-block-image aligncenter size-full\"><a href=\"\/fr\/produits\/cross-flow-air-curtain-q-series\/\"><img loading=\"lazy\" decoding=\"async\" width=\"1000\" height=\"1000\" src=\"\/wp-content\/uploads\/2026\/06\/febrava-2023-the-largest-and-most-comprehensive-hvac-r-event-in-latin-america-3.webp\" alt=\"Produits de ventilation et HRV KCVENTS \u00e0 Febrava 2023\" class=\"wp-image-2038\" \/><\/a><\/figure>\n<p><strong>Pr\u00e9sentation de notre gamme de produits innovants<\/strong><\/p>\n<p>Febrava2023 est la sc\u00e8ne id\u00e9ale pour d\u00e9voiler notre toute nouvelle gamme de produits, con\u00e7ue pour r\u00e9volutionner l'industrie de la ventilation et du CVC. Soyez parmi les premiers \u00e0 d\u00e9couvrir ces solutions de pointe qui promettent de red\u00e9finir notre approche de la qualit\u00e9 de l'air int\u00e9rieur et du g\u00e9nie climatique.<\/p>\n<p>Des unit\u00e9s de ventilation compactes et puissantes adapt\u00e9es aux petits espaces jusqu'aux syst\u00e8mes HRV de grande envergure con\u00e7us pour les complexes industriels, notre gamme diversifi\u00e9e de produits r\u00e9pond \u00e0 toutes les exigences. En mettant l'accent sur l'efficacit\u00e9 \u00e9nerg\u00e9tique, le respect de l'environnement et la facilit\u00e9 de maintenance, nos solutions visent \u00e0 cr\u00e9er des environnements int\u00e9rieurs plus sains tout en contribuant \u00e0 un avenir durable.<\/p>\n<p><strong>R\u00e9seautage et collaboration<\/strong><\/p>\n<p>Au-del\u00e0 de l'exposition, Febrava2023 offre une opportunit\u00e9 unique d'\u00e9changer avec des professionnels, des experts et des leaders partageant la m\u00eame vision dans les secteurs du CVC et de la ventilation. Sur le stand B26, nous serons ravis d'\u00e9changer des id\u00e9es, de partager des exp\u00e9riences et d'explorer de potentielles collaborations. Renforcez vos relations professionnelles et d\u00e9couvrez les tendances \u00e9mergentes susceptibles de fa\u00e7onner l'avenir de votre activit\u00e9.<\/p>\n<figure class=\"wp-block-image aligncenter size-full\"><a href=\"\/fr\/produits\/ec-inline-fan-with-stepless-speed\/\"><img loading=\"lazy\" decoding=\"async\" width=\"1000\" height=\"1000\" src=\"\/wp-content\/uploads\/2026\/06\/febrava-2023-the-largest-and-most-comprehensive-hvac-r-event-in-latin-america-4.webp\" alt=\"Exposition KCVENTS \u00e0 Febrava 2023\" class=\"wp-image-2039\" \/><\/a><\/figure>\n<p><strong>\u00c0 vos agendas pour Febrava2023<\/strong><\/p>\n<p>\u00c0 l'approche de Febrava2023, du 12 au 15 septembre, assurez-vous de r\u00e9server du temps dans votre agenda pour visiter notre stand B26. Venez d\u00e9couvrir par vous-m\u00eame les avanc\u00e9es en mati\u00e8re de ventilation, de HRV et de CVC qui influenceront sans nul doute la trajectoire du secteur. Rejoignez-nous lors de cet \u00e9v\u00e9nement remarquable, o\u00f9 l'innovation et l'excellence s'unissent pour construire un monde durable et confortable.<\/p>\n<p>Suivez-nous sur notre site Internet <a href=\"https:\/\/www.kcvents.com\/fr\/\">www.kcvents.com<\/a> pour obtenir les derni\u00e8res actualit\u00e9s sur Febrava2023. Nous nous r\u00e9jouissons \u00e0 l'id\u00e9e de vous accueillir sur le stand B26 pour une exp\u00e9rience inoubliable !<\/p>\n<p>Pour plus d'informations sur nos produits ou pour demander un devis, veuillez <a href=\"\/fr\/request-quote\/\">nous contacter<\/a> ou visiter nos <a href=\"\/fr\/produits\/\">pages produits<\/a>.<\/p>","protected":false},"excerpt":{"rendered":"<p>Are you passionate about cutting-edge ventilation technologies, HRV (Heat Recovery Ventilation) systems, and HVAC (Heating, Ventilation, and Air Conditioning) solutions? If so, mark your calendars for September 12 to 15 Febrava2023, the most anticipated exhibition for the HVAC industry. Join us at booth B26 to witness a showcase of revolutionary products and gain valuable insights [&hellip;]<\/p>\n","protected":false},"author":1,"featured_media":2020,"comment_status":"open","ping_status":"open","sticky":false,"template":"","format":"standard","meta":{"_gspb_post_css":"","footnotes":""},"categories":[1],"tags":[],"class_list":["post-2021","post","type-post","status-publish","format-standard","has-post-thumbnail","hentry","category-uncategorized"],"blocksy_meta":[],"_links":{"self":[{"href":"https:\/\/www.kcvents.com\/fr\/wp-json\/wp\/v2\/posts\/2021","targetHints":{"allow":["GET"]}}],"collection":[{"href":"https:\/\/www.kcvents.com\/fr\/wp-json\/wp\/v2\/posts"}],"about":[{"href":"https:\/\/www.kcvents.com\/fr\/wp-json\/wp\/v2\/types\/post"}],"author":[{"embeddable":true,"href":"https:\/\/www.kcvents.com\/fr\/wp-json\/wp\/v2\/users\/1"}],"replies":[{"embeddable":true,"href":"https:\/\/www.kcvents.com\/fr\/wp-json\/wp\/v2\/comments?post=2021"}],"version-history":[{"count":4,"href":"https:\/\/www.kcvents.com\/fr\/wp-json\/wp\/v2\/posts\/2021\/revisions"}],"predecessor-version":[{"id":4238,"href":"https:\/\/www.kcvents.com\/fr\/wp-json\/wp\/v2\/posts\/2021\/revisions\/4238"}],"wp:featuredmedia":[{"embeddable":true,"href":"https:\/\/www.kcvents.com\/fr\/wp-json\/wp\/v2\/media\/2020"}],"wp:attachment":[{"href":"https:\/\/www.kcvents.com\/fr\/wp-json\/wp\/v2\/media?parent=2021"}],"wp:term":[{"taxonomy":"category","embeddable":true,"href":"https:\/\/www.kcvents.com\/fr\/wp-json\/wp\/v2\/categories?post=2021"},{"taxonomy":"post_tag","embeddable":true,"href":"https:\/\/www.kcvents.com\/fr\/wp-json\/wp\/v2\/tags?post=2021"}],"curies":[{"name":"wp","href":"https:\/\/api.w.org\/{rel}","templated":true}]}}