{"id":1967,"date":"2025-10-22T10:57:38","date_gmt":"2025-10-22T02:57:38","guid":{"rendered":"https:\/\/www.kcvents.com\/?p=1967"},"modified":"2026-08-26T09:20:12","modified_gmt":"2026-08-26T01:20:12","slug":"chic-group-shines-at-the-canton-fair-with-innovative-ventilation-solutions","status":"publish","type":"post","link":"https:\/\/www.kcvents.com\/pt\/chic-group-shines-at-the-canton-fair-with-innovative-ventilation-solutions\/","title":{"rendered":"CHIC GROUP Shines at the Canton Fair with Innovative Ventilation Solutions"},"content":{"rendered":"<h2 class=\"wp-block-heading has-text-align-center\">CHIC GROUP Shines at the Canton Fair with Innovative Ventilation Solutions<\/h2>\n<p>A Feira de Cant\u00e3o provou mais uma vez ser uma plataforma excepcional para o CHIC GROUP apresentar suas mais recentes tecnologias de ventila\u00e7\u00e3o e conectar-se com clientes de todo o mundo. Ao longo da exposi\u00e7\u00e3o, nosso estande atraiu um grande n\u00famero de visitantes, incluindo parceiros de longa data e novos clientes ansiosos para conhecer nossas linhas de produtos inovadores.<\/p>\n<\/p>\n<div class=\"wp-block-columns is-layout-flex wp-container-core-columns-is-layout-9d6595d7 wp-block-columns-is-layout-flex\">\n<div class=\"wp-block-column is-layout-flow wp-block-column-is-layout-flow\">\n<div class=\"wp-block-stackable-columns stk-block-columns stk-block stk-ba3a9ab\" >\n<div class=\"stk-row stk-inner-blocks stk-block-content stk-content-align stk-ba3a9ab-column\">\n<div class=\"wp-block-stackable-column stk-block-column stk-column stk-block stk-71ac8f5\" data-v=\"4\" >\n<div class=\"stk-column-wrapper stk-block-column__content stk-container stk-71ac8f5-container stk--no-background stk--no-padding\">\n<div class=\"stk-block-content stk-inner-blocks stk-71ac8f5-inner-blocks\">\n<figure class=\"wp-block-image aligncenter size-full is-style-default\"><img loading=\"lazy\" decoding=\"async\" width=\"1000\" height=\"1333\" src=\"\/wp-content\/uploads\/2026\/06\/chic-group-shines-at-the-canton-fair-with-innovative-ventilation-solutions-1.webp\" alt=\"Estande do CHIC GROUP na Feira de Cant\u00e3o\" class=\"wp-image-3486\" \/><\/figure>\n<div class=\"wp-block-stackable-column stk-block-column stk-column stk-block stk-e68f133\" data-v=\"4\" >\n<div class=\"stk-column-wrapper stk-block-column__content stk-container stk-e68f133-container stk--no-background stk--no-padding\">\n<div class=\"stk-block-content stk-inner-blocks stk-e68f133-inner-blocks\">\n<figure class=\"wp-block-image aligncenter size-full\"><img loading=\"lazy\" decoding=\"async\" width=\"1000\" height=\"1031\" src=\"\/wp-content\/uploads\/2026\/06\/chic-group-shines-at-the-canton-fair-with-innovative-ventilation-solutions-2.webp\" alt=\"Produtos de ventila\u00e7\u00e3o do CHIC GROUP na Feira de Cant\u00e3o\" class=\"wp-image-3487\" \/><\/figure>\n<\/div>\n<p>Muitos clientes demonstraram forte interesse em nossos <strong>sistemas de ventila\u00e7\u00e3o de ar fresco<\/strong>, <strong>exaustores<\/strong>, e <strong>acess\u00f3rios de ventila\u00e7\u00e3o<\/strong>. A s\u00e9rie de produtos KCVENTS, reconhecida por sua alta efici\u00eancia, opera\u00e7\u00e3o silenciosa e recursos de controle inteligente, atraiu aten\u00e7\u00e3o especial de compradores internacionais em busca de solu\u00e7\u00f5es confi\u00e1veis e energeticamente eficientes para o ar interno. Nossa equipe realizou demonstra\u00e7\u00f5es detalhadas, explicando as vantagens dos nossos recuperadores de calor (HRV), ventiladores com filtro HEPA e uma ampla variedade de exaustores adequados tanto para uso residencial quanto industrial.<\/p>\n<div class=\"wp-block-stackable-columns stk-block-columns stk-block stk-506facb\" >\n<div class=\"stk-row stk-inner-blocks stk-block-content stk-content-align stk-506facb-column\">\n<div class=\"wp-block-stackable-column stk-block-column stk-column stk-block stk-39f1e00\" data-v=\"4\" >\n<div class=\"stk-column-wrapper stk-block-column__content stk-container stk-39f1e00-container stk--no-background stk--no-padding\">\n<div class=\"stk-block-content stk-inner-blocks stk-39f1e00-inner-blocks\">\n<figure class=\"wp-block-image aligncenter size-full\"><img loading=\"lazy\" decoding=\"async\" width=\"1080\" height=\"957\" src=\"\/wp-content\/uploads\/2026\/06\/chic-group-shines-at-the-canton-fair-with-innovative-ventilation-solutions-3.webp\" alt=\"Pavilh\u00e3o de exposi\u00e7\u00f5es da Feira de Cant\u00e3o CHIC GROUP\" class=\"wp-image-3488\" \/><\/figure>\n<div class=\"wp-block-stackable-column stk-block-column stk-column stk-block stk-2b55a9e\" data-v=\"4\" >\n<div class=\"stk-column-wrapper stk-block-column__content stk-container stk-2b55a9e-container stk--no-background stk--no-padding\">\n<div class=\"stk-block-content stk-inner-blocks stk-2b55a9e-inner-blocks\">\n<figure class=\"wp-block-image aligncenter size-full\"><img loading=\"lazy\" decoding=\"async\" width=\"786\" height=\"958\" src=\"\/wp-content\/uploads\/2026\/06\/chic-group-shines-at-the-canton-fair-with-innovative-ventilation-solutions-4.webp\" alt=\"Equipe do CHIC GROUP na Feira de Cant\u00e3o\" class=\"wp-image-3489\" \/><\/figure>\n<p>Durante a feira, recebemos feedback positivo de muitos visitantes profissionais que elogiaram o design, o desempenho e os pre\u00e7os competitivos dos nossos produtos. Diversos clientes manifestaram a inten\u00e7\u00e3o de estabelecer parcerias de longo prazo com o CHIC GROUP, especialmente para projetos personalizados de ventila\u00e7\u00e3o na Europa, no Oriente M\u00e9dio e no Sudeste Asi\u00e1tico.<\/p>\n<div class=\"wp-block-image\">\n<figure class=\"aligncenter size-full is-resized\"><img loading=\"lazy\" decoding=\"async\" width=\"1080\" height=\"1440\" src=\"\/wp-content\/uploads\/2026\/06\/chic-group-shines-at-the-canton-fair-with-innovative-ventilation-solutions-5.webp\" alt=\"Visitantes no estande do CHIC GROUP na Feira de Cant\u00e3o\" class=\"wp-image-3490\" style=\"aspect-ratio:1;object-fit:contain;width:445px;height:auto\" \/><\/figure>\n<\/div>\n<p>Al\u00e9m da exposi\u00e7\u00e3o de produtos, nossas equipes t\u00e9cnica e comercial participaram ativamente de rodadas de neg\u00f3cios, refor\u00e7ando o compromisso do CHIC GROUP com a inova\u00e7\u00e3o, a garantia de qualidade e o suporte global. A feira n\u00e3o apenas fortaleceu o relacionamento com nossos parceiros atuais, mas tamb\u00e9m abriu novas oportunidades em mercados emergentes.<\/p>\n<div class=\"wp-block-image\">\n<figure class=\"aligncenter size-full is-resized\"><img loading=\"lazy\" decoding=\"async\" width=\"1080\" height=\"1440\" src=\"\/wp-content\/uploads\/2026\/06\/chic-group-shines-at-the-canton-fair-with-innovative-ventilation-solutions-6.webp\" alt=\"Demonstra\u00e7\u00e3o de produtos do CHIC GROUP na Feira de Cant\u00e3o\" class=\"wp-image-3491\" style=\"aspect-ratio:1;object-fit:cover;width:336px;height:auto\" \/><\/figure>\n<\/div>\n<p>A Feira de Cant\u00e3o sempre foi um evento fundamental para o CHIC GROUP demonstrar sua for\u00e7a na <a href=\"\/pt\/products\/\">HVAC<\/a> ind\u00fastria. O sucesso da participa\u00e7\u00e3o deste ano consolidou ainda mais nossa posi\u00e7\u00e3o como fornecedor confi\u00e1vel de solu\u00e7\u00f5es completas em ventila\u00e7\u00e3o. Temos muito orgulho das conquistas alcan\u00e7adas durante esta edi\u00e7\u00e3o e agradecemos o apoio entusiasmado de todos os visitantes.<\/p>\n<div class=\"wp-block-image\">\n<figure class=\"aligncenter size-full is-resized\"><img loading=\"lazy\" decoding=\"async\" width=\"1081\" height=\"1076\" src=\"\/wp-content\/uploads\/2026\/06\/chic-group-shines-at-the-canton-fair-with-innovative-ventilation-solutions-7.webp\" alt=\"Exposi\u00e7\u00e3o do CHIC GROUP na Feira de Cant\u00e3o\" class=\"wp-image-3492\" style=\"aspect-ratio:1;object-fit:cover;width:337px;height:auto\" \/><\/figure>\n<\/div>\n<p>Olhando para o futuro, o CHIC GROUP continuar\u00e1 promovendo a inova\u00e7\u00e3o de produtos, aprimorando a experi\u00eancia do cliente e expandindo a coopera\u00e7\u00e3o internacional. Esperamos sinceramente reencontrar nossos parceiros e novos amigos na <strong>edi\u00e7\u00e3o de primavera da Feira de Cant\u00e3o do pr\u00f3ximo ano<\/strong>, onde apresentaremos produtos de ventila\u00e7\u00e3o ainda mais avan\u00e7ados, eficientes e sustent\u00e1veis para o mercado global.<\/p>\n<p>Para mais informa\u00e7\u00f5es sobre os nossos produtos ou para solicitar uma cota\u00e7\u00e3o, por favor <a href=\"\/pt\/request-quote\/\">entre em contato conosco<\/a> ou visite as nossas <a href=\"\/pt\/products\/\">p\u00e1ginas de produtos<\/a>.<\/p>","protected":false},"excerpt":{"rendered":"<p>CHIC GROUP Shines at the Canton Fair with Innovative Ventilation Solutions The Canton Fair once again proved to be an exceptional platform for CHIC GROUP to showcase its latest ventilation technologies and connect with clients from all over the world. Throughout the exhibition, our booth attracted a large number of visitors, including long-term partners and [&hellip;]<\/p>\n","protected":false},"author":1,"featured_media":1966,"comment_status":"open","ping_status":"open","sticky":false,"template":"","format":"standard","meta":{"_gspb_post_css":"","footnotes":""},"categories":[1],"tags":[],"class_list":["post-1967","post","type-post","status-publish","format-standard","has-post-thumbnail","hentry","category-uncategorized"],"blocksy_meta":[],"_links":{"self":[{"href":"https:\/\/www.kcvents.com\/pt\/wp-json\/wp\/v2\/posts\/1967","targetHints":{"allow":["GET"]}}],"collection":[{"href":"https:\/\/www.kcvents.com\/pt\/wp-json\/wp\/v2\/posts"}],"about":[{"href":"https:\/\/www.kcvents.com\/pt\/wp-json\/wp\/v2\/types\/post"}],"author":[{"embeddable":true,"href":"https:\/\/www.kcvents.com\/pt\/wp-json\/wp\/v2\/users\/1"}],"replies":[{"embeddable":true,"href":"https:\/\/www.kcvents.com\/pt\/wp-json\/wp\/v2\/comments?post=1967"}],"version-history":[{"count":4,"href":"https:\/\/www.kcvents.com\/pt\/wp-json\/wp\/v2\/posts\/1967\/revisions"}],"predecessor-version":[{"id":4231,"href":"https:\/\/www.kcvents.com\/pt\/wp-json\/wp\/v2\/posts\/1967\/revisions\/4231"}],"wp:featuredmedia":[{"embeddable":true,"href":"https:\/\/www.kcvents.com\/pt\/wp-json\/wp\/v2\/media\/1966"}],"wp:attachment":[{"href":"https:\/\/www.kcvents.com\/pt\/wp-json\/wp\/v2\/media?parent=1967"}],"wp:term":[{"taxonomy":"category","embeddable":true,"href":"https:\/\/www.kcvents.com\/pt\/wp-json\/wp\/v2\/categories?post=1967"},{"taxonomy":"post_tag","embeddable":true,"href":"https:\/\/www.kcvents.com\/pt\/wp-json\/wp\/v2\/tags?post=1967"}],"curies":[{"name":"wp","href":"https:\/\/api.w.org\/{rel}","templated":true}]}}