{"id":2008,"date":"2023-09-15T08:04:09","date_gmt":"2023-09-15T00:04:09","guid":{"rendered":"https:\/\/www.kcvents.com\/?p=2008"},"modified":"2026-08-26T09:20:42","modified_gmt":"2026-08-26T01:20:42","slug":"kcvents-day-3-at-2023-febrava-hvac-r-exhibition","status":"publish","type":"post","link":"https:\/\/www.kcvents.com\/pt\/kcvents-day-3-at-2023-febrava-hvac-r-exhibition\/","title":{"rendered":"<strong>KCVENTS Day 3 At 2023 Febrava HVAC-R exhibition<\/strong>"},"content":{"rendered":"<p>A KCVENTS teve um 3\u00ba dia de grande sucesso na Febrava 2023 <a href=\"\/pt\/products\/\">HVAC<\/a>-R! A assinatura de contratos diretamente com clientes \u00e9 uma excelente demonstra\u00e7\u00e3o do interesse e da confian\u00e7a que eles t\u00eam em seus produtos. Fica evidente que seu estande e seus produtos causaram uma impress\u00e3o muito positiva nos visitantes.<\/p>\n<figure class=\"wp-block-image aligncenter size-full\"><img decoding=\"async\" fetchpriority=\"high\" width=\"1000\" height=\"1000\" src=\"\/wp-content\/uploads\/2026\/06\/kcvents-day-3-at-2023-febrava-hvac-r-exhibition-1.webp\" alt=\"Estande da KCVENTS no 3\u00ba dia da feira Febrava 2023 HVAC-R\" class=\"wp-image-2058\" \/><\/figure>\n<p>Aqui est\u00e3o alguns pontos-chave a considerar enquanto voc\u00ea continua interagindo com clientes e parceiros em potencial durante a feira:<\/p>\n<p>A equipe da KCVENTS est\u00e1 muito bem preparada, com conhecimento aprofundado sobre os produtos. Os clientes valorizam quando conseguem obter informa\u00e7\u00f5es detalhadas e respostas imediatas para suas d\u00favidas.<\/p>\n<p>Considere realizar demonstra\u00e7\u00f5es ao vivo dos seus produtos. Isso ajuda os clientes a compreenderem como eles funcionam e as vantagens pr\u00e1ticas que oferecem.<\/p>\n<figure class=\"wp-block-image aligncenter size-full\"><img loading=\"lazy\" decoding=\"async\" width=\"1000\" height=\"1000\" src=\"\/wp-content\/uploads\/2026\/06\/kcvents-day-3-at-2023-febrava-hvac-r-exhibition-2.webp\" alt=\"Equipe da KCVENTS em reuni\u00e3o com clientes na Febrava 2023\" class=\"wp-image-2059\" \/><\/figure>\n<p>A <a href=\"\/pt\/products\/single-room-heat-recovery-units-vt501\/\">VT501<\/a> ventilador com recupera\u00e7\u00e3o de calor para ambiente individual (<a href=\"\/pt\/categoria-produto\/single-room-hrv\/\">HRV<\/a>) \u00e9 um produto fundamental na sua linha de HVAC-R. Os HRVs s\u00e3o essenciais para melhorar a qualidade do ar interno e a efici\u00eancia energ\u00e9tica em espa\u00e7os residenciais e comerciais.<\/p>\n<figure class=\"wp-block-image aligncenter size-full\"><a href=\"\/pt\/products\/single-room-heat-recovery-units-vt501\/\"><img loading=\"lazy\" decoding=\"async\" width=\"1500\" height=\"1500\" src=\"\/wp-content\/uploads\/2026\/06\/kcvents-day-3-at-2023-febrava-hvac-r-exhibition-3.webp\" alt=\"Produtos KCVENTS no 3\u00ba dia da Febrava 2023\" class=\"wp-image-2060\" \/><\/a><\/figure>\n<p>O outro produto de grande destaque \u00e9 a <a href=\"\/pt\/categoria-produto\/air-curtain\/\">air curtain<\/a>. Os clientes na feira est\u00e3o demonstrando forte interesse em sua linha de cortinas de ar. As cortinas de ar oferecem in\u00fameros benef\u00edcios em diversas aplica\u00e7\u00f5es comerciais e industriais, sendo uma escolha muito procurada pelas empresas.<\/p>\n<figure class=\"wp-block-image aligncenter size-full\"><a href=\"\/pt\/categoria-produto\/air-curtain\/\"><img loading=\"lazy\" decoding=\"async\" width=\"1500\" height=\"1500\" src=\"\/wp-content\/uploads\/2026\/06\/kcvents-day-3-at-2023-febrava-hvac-r-exhibition-4.webp\" alt=\"Visitantes no estande da KCVENTS na Febrava 2023\" class=\"wp-image-2061\" \/><\/a><\/figure>\n<p>Conquistar a confian\u00e7a dos clientes \u00e9 uma grande realiza\u00e7\u00e3o, e \u00e9 excelente saber que os clientes na feira est\u00e3o expressando confian\u00e7a na qualidade dos produtos da KCVENTS e interesse em cooperar. A confian\u00e7a \u00e9 a base para rela\u00e7\u00f5es comerciais bem-sucedidas, gerando parcerias de longo prazo e fideliza\u00e7\u00e3o. Aqui est\u00e3o algumas etapas para consolidar e nutrir essa confian\u00e7a:<\/p>\n<p>Come\u00e7amos com for\u00e7a total na feira Febrava HVAC-R. Continuem com o excelente trabalho e muito sucesso no restante do evento!<\/p>\n<figure class=\"wp-block-image aligncenter size-full\"><img loading=\"lazy\" decoding=\"async\" width=\"1000\" height=\"1000\" src=\"\/wp-content\/uploads\/2026\/06\/kcvents-day-3-at-2023-febrava-hvac-r-exhibition-5.webp\" alt=\"Assinatura de contratos no estande da KCVENTS na Febrava 2023\" class=\"wp-image-2062\" \/><\/figure>\n<p>A KCVENTS alcan\u00e7ou excelentes resultados na feira Febrava HVAC-R 2023! Diante da resposta positiva e do interesse demonstrado pelos clientes durante o evento, fica claro que seus produtos e sua equipe est\u00e3o conquistando uma repercuss\u00e3o extremamente positiva junto aos visitantes.<\/p>\n<p>Para mais informa\u00e7\u00f5es sobre os nossos produtos ou para solicitar uma cota\u00e7\u00e3o, por favor <a href=\"\/pt\/request-quote\/\">entre em contato conosco<\/a> ou visite as nossas <a href=\"\/pt\/products\/\">p\u00e1ginas de produtos<\/a>.<\/p>","protected":false},"excerpt":{"rendered":"<p>KCVENTS got a successful Day 3 at the 2023 Febrava HVAC-R exhibition! Signing contracts directly with clients is a great indication of the interest and trust they have in your products. It&#8217;s clear that your booth and products have made a positive impression on attendees. Here are some key points to consider as you continue [&hellip;]<\/p>\n","protected":false},"author":1,"featured_media":2006,"comment_status":"open","ping_status":"open","sticky":false,"template":"","format":"standard","meta":{"_gspb_post_css":"","footnotes":""},"categories":[1],"tags":[],"class_list":["post-2008","post","type-post","status-publish","format-standard","has-post-thumbnail","hentry","category-uncategorized"],"blocksy_meta":[],"_links":{"self":[{"href":"https:\/\/www.kcvents.com\/pt\/wp-json\/wp\/v2\/posts\/2008","targetHints":{"allow":["GET"]}}],"collection":[{"href":"https:\/\/www.kcvents.com\/pt\/wp-json\/wp\/v2\/posts"}],"about":[{"href":"https:\/\/www.kcvents.com\/pt\/wp-json\/wp\/v2\/types\/post"}],"author":[{"embeddable":true,"href":"https:\/\/www.kcvents.com\/pt\/wp-json\/wp\/v2\/users\/1"}],"replies":[{"embeddable":true,"href":"https:\/\/www.kcvents.com\/pt\/wp-json\/wp\/v2\/comments?post=2008"}],"version-history":[{"count":4,"href":"https:\/\/www.kcvents.com\/pt\/wp-json\/wp\/v2\/posts\/2008\/revisions"}],"predecessor-version":[{"id":4237,"href":"https:\/\/www.kcvents.com\/pt\/wp-json\/wp\/v2\/posts\/2008\/revisions\/4237"}],"wp:featuredmedia":[{"embeddable":true,"href":"https:\/\/www.kcvents.com\/pt\/wp-json\/wp\/v2\/media\/2006"}],"wp:attachment":[{"href":"https:\/\/www.kcvents.com\/pt\/wp-json\/wp\/v2\/media?parent=2008"}],"wp:term":[{"taxonomy":"category","embeddable":true,"href":"https:\/\/www.kcvents.com\/pt\/wp-json\/wp\/v2\/categories?post=2008"},{"taxonomy":"post_tag","embeddable":true,"href":"https:\/\/www.kcvents.com\/pt\/wp-json\/wp\/v2\/tags?post=2008"}],"curies":[{"name":"wp","href":"https:\/\/api.w.org\/{rel}","templated":true}]}}