{"id":2021,"date":"2023-07-22T02:31:38","date_gmt":"2023-07-21T18:31:38","guid":{"rendered":"https:\/\/www.kcvents.com\/?p=2021"},"modified":"2026-08-26T09:20:49","modified_gmt":"2026-08-26T01:20:49","slug":"febrava-2023-the-largest-and-most-comprehensive-hvac-r-event-in-latin-america","status":"publish","type":"post","link":"https:\/\/www.kcvents.com\/pt\/febrava-2023-the-largest-and-most-comprehensive-hvac-r-event-in-latin-america\/","title":{"rendered":"Febrava 2023,\u00a0the largest and most comprehensive\u00a0HVAC-R\u00a0event\u00a0in Latin America!"},"content":{"rendered":"<p>Voc\u00ea \u00e9 apaixonado por tecnologias de ponta em ventila\u00e7\u00e3o, <a href=\"\/pt\/categoria-produto\/single-room-hrv\/\">HRV<\/a> sistemas de HRV (Heat Recovery Ventilation) e <a href=\"\/pt\/products\/\">HVAC<\/a> solu\u00e7\u00f5es de HVAC (Heating, Ventilation, and Air Conditioning)? Se sim, marque em sua agenda de 12 a 15 de setembro para a Febrava2023, a feira mais aguardada do setor de HVAC. Visite-nos no estande B26 para conferir uma apresenta\u00e7\u00e3o de produtos revolucion\u00e1rios e obter insights valiosos sobre o futuro da qualidade do ar interior e do controle clim\u00e1tico. <strong>Experimente as Mais Recentes Inova\u00e7\u00f5es em Ventila\u00e7\u00e3o, HRV e HVAC na Febrava2023 \u2013 Visite a KCVENTS no Estande B26!<\/strong><\/p>\n<figure class=\"wp-block-image aligncenter size-full\"><img decoding=\"async\" fetchpriority=\"high\" width=\"1000\" height=\"1000\" src=\"\/wp-content\/uploads\/2026\/06\/febrava-2023-the-largest-and-most-comprehensive-hvac-r-event-in-latin-america-1.webp\" alt=\"Estande KCVENTS B26 na Febrava 2023\" class=\"wp-image-2036\" \/><\/figure>\n<p><strong>Febrava2023: Uma Porta de Entrada para os Avan\u00e7os em Ventila\u00e7\u00e3o<\/strong><\/p>\n<p>A Febrava, realizada bienalmente, conquistou a reputa\u00e7\u00e3o de ser um dos principais eventos de HVAC do mundo. A feira re\u00fane profissionais do setor, pesquisadores e entusiastas de todo o mundo, tornando-se uma oportunidade incompar\u00e1vel para descobrir as \u00faltimas tend\u00eancias e inova\u00e7\u00f5es no setor de ventila\u00e7\u00e3o.<\/p>\n<p>No estande B26, nossa equipe de especialistas da KCVENTS est\u00e1 pronta para apresentar a voc\u00ea solu\u00e7\u00f5es de ventila\u00e7\u00e3o de ponta que combinam efici\u00eancia, sustentabilidade e tecnologia avan\u00e7ada. Quer voc\u00ea seja um profissional experiente ou novo no setor de HVAC, nosso estande oferece um vasto conhecimento e excelentes oportunidades de networking.<\/p>\n<p><strong>HRV: Melhorando a Qualidade do Ar Interior e a Efici\u00eancia Energ\u00e9tica<\/strong><\/p>\n<p>Os sistemas de Ventila\u00e7\u00e3o com Recupera\u00e7\u00e3o de Calor (HRV) surgiram como um divisor de \u00e1guas no campo da gest\u00e3o da qualidade do ar interior. \u00c0 medida que os edif\u00edcios se tornam mais estanques para fins de conserva\u00e7\u00e3o de energia, os sistemas HRV desempenham um papel crucial na garantia de um fluxo de ar cont\u00ednuo, ao mesmo tempo em que recuperam o calor do ar de exaust\u00e3o de forma eficiente. O resultado? Um ambiente interno mais saud\u00e1vel e confort\u00e1vel com consumo reduzido de energia.<\/p>\n<p>Nosso estande na Febrava2023 contar\u00e1 com sistemas HRV de \u00faltima gera\u00e7\u00e3o que incorporam os mais recentes avan\u00e7os em tecnologia e design. Conhe\u00e7a os diversos modelos dispon\u00edveis para aplica\u00e7\u00f5es residenciais, comerciais e industriais, cada um desenvolvido sob medida para atender a necessidades espec\u00edficas de ventila\u00e7\u00e3o. Descubra como os sistemas HRV podem criar um ambiente interno equilibrado e fresco, renovando o ar viciado por ar externo filtrado e condicionado.<\/p>\n<figure class=\"wp-block-image aligncenter size-full\"><a href=\"\/pt\/products\/single-room-heat-recovery-units-vt501\/\"><img loading=\"lazy\" decoding=\"async\" width=\"1000\" height=\"1000\" src=\"\/wp-content\/uploads\/2026\/06\/febrava-2023-the-largest-and-most-comprehensive-hvac-r-event-in-latin-america-2.webp\" alt=\"Feira Febrava 2023 de HVAC-R na Am\u00e9rica Latina\" class=\"wp-image-2037\" \/><\/a><\/figure>\n<p><strong>HVAC: O Futuro do Controle Clim\u00e1tico<\/strong><\/p>\n<p>O setor de HVAC est\u00e1 em constante evolu\u00e7\u00e3o, impulsionado pela demanda por solu\u00e7\u00f5es energeticamente eficientes e ecol\u00f3gicas. A Febrava2023 apresenta uma excelente oportunidade para explorar o futuro do controle clim\u00e1tico com nossos produtos de HVAC de primeira linha.<\/p>\n<p>Nosso estande apresentar\u00e1 sistemas inteligentes de HVAC que utilizam intelig\u00eancia artificial e integra\u00e7\u00e3o com IoT (Internet das Coisas) para otimizar o consumo de energia, ajustar configura\u00e7\u00f5es de temperatura e fornecer diagn\u00f3sticos em tempo real. Descubra o potencial do controle clim\u00e1tico por zonas, onde cada \u00e1rea de um edif\u00edcio pode ter configura\u00e7\u00f5es personalizadas para garantir o m\u00e1ximo conforto, minimizando o desperd\u00edcio de energia.<\/p>\n<figure class=\"wp-block-image aligncenter size-full\"><a href=\"\/pt\/products\/cross-flow-air-curtain-q-series\/\"><img loading=\"lazy\" decoding=\"async\" width=\"1000\" height=\"1000\" src=\"\/wp-content\/uploads\/2026\/06\/febrava-2023-the-largest-and-most-comprehensive-hvac-r-event-in-latin-america-3.webp\" alt=\"Produtos de ventila\u00e7\u00e3o e HRV da KCVENTS na Febrava 2023\" class=\"wp-image-2038\" \/><\/a><\/figure>\n<p><strong>Apresentando Nossa Inovadora Linha de Produtos<\/strong><\/p>\n<p>A Febrava 2023 \u00e9 o palco perfeito para apresentar nossa nov\u00edssima linha de produtos, projetada para revolucionar a ind\u00fastria de ventila\u00e7\u00e3o e HVAC. Seja um dos primeiros a testemunhar essas solu\u00e7\u00f5es de ponta que prometem redefinir a forma como abordamos a qualidade do ar interno e a climatiza\u00e7\u00e3o.<\/p>\n<p>Desde unidades de ventila\u00e7\u00e3o compactas e potentes, adequadas para pequenos espa\u00e7os, at\u00e9 sistemas HRV de grande porte desenvolvidos para complexos industriais, nossa diversificada linha de produtos atende a todas as necessidades. Enfatizando a efici\u00eancia energ\u00e9tica, a sustentabilidade ecol\u00f3gica e a facilidade de manuten\u00e7\u00e3o, nossas solu\u00e7\u00f5es visam criar ambientes internos mais saud\u00e1veis, contribuindo para um futuro sustent\u00e1vel.<\/p>\n<p><strong>Networking e Colabora\u00e7\u00e3o<\/strong><\/p>\n<p>Al\u00e9m da exposi\u00e7\u00e3o, a Febrava 2023 oferece uma oportunidade \u00fanica de interagir com profissionais, especialistas e l\u00edderes afins nos setores de HVAC e ventila\u00e7\u00e3o. No estande B26, convidamos voc\u00ea a trocar ideias, compartilhar experi\u00eancias e explorar potenciais colabora\u00e7\u00f5es. Fortale\u00e7a suas conex\u00f5es no setor e obtenha insights sobre as tend\u00eancias emergentes que podem moldar o futuro do seu neg\u00f3cio.<\/p>\n<figure class=\"wp-block-image aligncenter size-full\"><a href=\"\/pt\/products\/ec-inline-fan-with-stepless-speed\/\"><img loading=\"lazy\" decoding=\"async\" width=\"1000\" height=\"1000\" src=\"\/wp-content\/uploads\/2026\/06\/febrava-2023-the-largest-and-most-comprehensive-hvac-r-event-in-latin-america-4.webp\" alt=\"Exposi\u00e7\u00e3o da KCVENTS na Febrava 2023\" class=\"wp-image-2039\" \/><\/a><\/figure>\n<p><strong>Reserve a Data para a Febrava 2023<\/strong><\/p>\n<p>Com a aproxima\u00e7\u00e3o de 12 a 15 de setembro, data da Febrava 2023, reserve um tempo em sua agenda para visitar nosso estande B26. Conhe\u00e7a em primeira m\u00e3o os avan\u00e7os em ventila\u00e7\u00e3o, HRV e HVAC que sem d\u00favida influenciar\u00e3o a trajet\u00f3ria do setor. Junte-se a n\u00f3s neste evento extraordin\u00e1rio, onde inova\u00e7\u00e3o e excel\u00eancia convergem para construir um mundo sustent\u00e1vel e confort\u00e1vel.<\/p>\n<p>Acompanhe nosso site <a href=\"https:\/\/www.kcvents.com\/pt\/\">www.kcvents.com<\/a> para obter as atualiza\u00e7\u00f5es mais recentes sobre a Febrava 2023. Esperamos receb\u00ea-lo no estande B26 para uma experi\u00eancia inesquec\u00edvel!<\/p>\n<p>Para mais informa\u00e7\u00f5es sobre os nossos produtos ou para solicitar uma cota\u00e7\u00e3o, por favor <a href=\"\/pt\/request-quote\/\">entre em contato conosco<\/a> ou visite as nossas <a href=\"\/pt\/products\/\">p\u00e1ginas de produtos<\/a>.<\/p>","protected":false},"excerpt":{"rendered":"<p>Are you passionate about cutting-edge ventilation technologies, HRV (Heat Recovery Ventilation) systems, and HVAC (Heating, Ventilation, and Air Conditioning) solutions? If so, mark your calendars for September 12 to 15 Febrava2023, the most anticipated exhibition for the HVAC industry. Join us at booth B26 to witness a showcase of revolutionary products and gain valuable insights [&hellip;]<\/p>\n","protected":false},"author":1,"featured_media":2020,"comment_status":"open","ping_status":"open","sticky":false,"template":"","format":"standard","meta":{"_gspb_post_css":"","footnotes":""},"categories":[1],"tags":[],"class_list":["post-2021","post","type-post","status-publish","format-standard","has-post-thumbnail","hentry","category-uncategorized"],"blocksy_meta":[],"_links":{"self":[{"href":"https:\/\/www.kcvents.com\/pt\/wp-json\/wp\/v2\/posts\/2021","targetHints":{"allow":["GET"]}}],"collection":[{"href":"https:\/\/www.kcvents.com\/pt\/wp-json\/wp\/v2\/posts"}],"about":[{"href":"https:\/\/www.kcvents.com\/pt\/wp-json\/wp\/v2\/types\/post"}],"author":[{"embeddable":true,"href":"https:\/\/www.kcvents.com\/pt\/wp-json\/wp\/v2\/users\/1"}],"replies":[{"embeddable":true,"href":"https:\/\/www.kcvents.com\/pt\/wp-json\/wp\/v2\/comments?post=2021"}],"version-history":[{"count":4,"href":"https:\/\/www.kcvents.com\/pt\/wp-json\/wp\/v2\/posts\/2021\/revisions"}],"predecessor-version":[{"id":4238,"href":"https:\/\/www.kcvents.com\/pt\/wp-json\/wp\/v2\/posts\/2021\/revisions\/4238"}],"wp:featuredmedia":[{"embeddable":true,"href":"https:\/\/www.kcvents.com\/pt\/wp-json\/wp\/v2\/media\/2020"}],"wp:attachment":[{"href":"https:\/\/www.kcvents.com\/pt\/wp-json\/wp\/v2\/media?parent=2021"}],"wp:term":[{"taxonomy":"category","embeddable":true,"href":"https:\/\/www.kcvents.com\/pt\/wp-json\/wp\/v2\/categories?post=2021"},{"taxonomy":"post_tag","embeddable":true,"href":"https:\/\/www.kcvents.com\/pt\/wp-json\/wp\/v2\/tags?post=2021"}],"curies":[{"name":"wp","href":"https:\/\/api.w.org\/{rel}","templated":true}]}}