{"id":1953,"date":"2025-12-03T04:32:26","date_gmt":"2025-12-02T20:32:26","guid":{"rendered":"https:\/\/www.kcvents.com\/?p=1953"},"modified":"2026-08-26T09:20:02","modified_gmt":"2026-08-26T01:20:02","slug":"see-the-future-of-ventilation-with-kcvents-at-ahr-expo-2026-in-las-vegas","status":"publish","type":"post","link":"https:\/\/www.kcvents.com\/tr\/see-the-future-of-ventilation-with-kcvents-at-ahr-expo-2026-in-las-vegas\/","title":{"rendered":"See the Future of Ventilation with KCVENTS at AHR Expo 2026 in Las Vegas!"},"content":{"rendered":"<figure class=\"wp-block-image aligncenter size-full is-style-default\"><img loading=\"lazy\" decoding=\"async\" width=\"1920\" height=\"858\" src=\"\/wp-content\/uploads\/2026\/06\/meet-kcvents-at-ahr-expo-2026-booth-sl2826-1.webp\" alt=\"Las Vegas AHR Expo 2026 KCVENTS davet posteri, Stand SL2826\" class=\"wp-image-3591\" \/><\/figure>\n<p>Duyurmaktan b\u00fcy\u00fck mutluluk duyuyoruz:&nbsp;<strong>KCVENTS<\/strong>&nbsp;AHR Expo i\u00e7in Las Vegas'a gidiyor! D\u00fcnyan\u0131n en b\u00fcy\u00fck <a href=\"\/tr\/products\/\">HVAC<\/a> etkinliklerinden biri olan AHR, k\u00fcresel profesyonelleri bir araya getiriyor \u2014 ve biz de havaland\u0131rma, hava temizleme ve \u0131s\u0131 geri kazan\u0131m \u00e7\u00f6z\u00fcmlerindeki en son yeniliklerimizi sergilemeye haz\u0131r\u0131z.<\/p>\n<p>\ud83d\udccd Konum: Las Vegas Convention Center<br \/>\ud83d\udcc5 Tarih: 2\u20134 \u015eubat 2026<br \/>\ud83e\udded Stand No.: SL2826<\/p>\n<hr class=\"wp-block-separator has-alpha-channel-opacity\"\/>\n<p><strong>Stand\u0131m\u0131zda Neler G\u00f6receksiniz?<\/strong><strong><\/strong><\/p>\n<p><strong>\u2022 <a href=\"\/tr\/products\/single-room-heat-recovery-units-vt501\/\" data-type=\"link\" data-id=\"\/products\/single-room-heat-recovery-units-vt501\/\" target=\"_blank\" rel=\"noreferrer noopener\">VT501<\/a> \/<a href=\"\/tr\/products\/wall-mounted-hepa-fan-vt501-f\/\" data-type=\"link\" data-id=\"\/products\/wall-mounted-hepa-fan-vt501-f\/\" target=\"_blank\" rel=\"noreferrer noopener\"> VT501-F <\/a>Tek Odal\u0131 HRV Serisi<\/strong><\/p>\n<ul class=\"wp-block-list\">\n<li>Y\u00fcksek verimli seramik \u0131s\u0131 e\u015fanj\u00f6r\u00fc<\/li>\n<li>Ak\u0131ll\u0131 nem kontrol\u00fc (3 kademeli mant\u0131k)<\/li>\n<li>Opsiyonel HEPA ve karbon filtreleme<\/li>\n<li>Evler, okullar ve ofisler i\u00e7in ideal<\/li>\n<\/ul>\n<p><strong>\u2022 Eksiksiz EC Havaland\u0131rma \u00c7\u00f6z\u00fcmleri<\/strong><strong><\/strong><\/p>\n<ul class=\"wp-block-list\">\n<li>\u00dcst\u00fcn EC teknolojisi<\/li>\n<li>Daha y\u00fcksek verimlilik, daha d\u00fc\u015f\u00fck ses seviyesi ve enerji tasarrufu<\/li>\n<li>OEM\/ODM i\u00e7in uygun \u00e7oklu model se\u00e7enekleri<\/li>\n<\/ul>\n<p><strong>\u2022 Geni\u015f Alan Havaland\u0131rmas\u0131 ve End\u00fcstriyel Fanlar<\/strong><strong><\/strong><\/p>\n<ul class=\"wp-block-list\">\n<li><a href=\"\/tr\/urun-kategori\/portable-blower\/\" data-type=\"link\" data-id=\"\/product-category\/portable-blower\/\" target=\"_blank\" rel=\"noreferrer noopener\">Y\u00fcksek debili aksiyel fanlar<\/a><\/li>\n<li>At\u00f6lye ve depo havaland\u0131rma \u00e7\u00f6z\u00fcmleri<\/li>\n<\/ul>\n<hr class=\"wp-block-separator has-alpha-channel-opacity\"\/>\n<p><strong>\ud83e\udd1d \u0130\u015f F\u0131rsatlar\u0131n\u0131 G\u00f6r\u00fc\u015felim<\/strong><\/p>\n<p>Sizi stand\u0131m\u0131z\u0131 ziyaret etmeye davet ediyoruz: <strong>Stand No.: SL2826<\/strong>&nbsp;En yeni \u00fcr\u00fcnlerimizi ke\u015ffetmek, OEM\/ODM f\u0131rsatlar\u0131n\u0131 de\u011ferlendirmek ve 2026 y\u0131l\u0131 i\u015f ortakl\u0131\u011f\u0131 se\u00e7eneklerini \u00f6\u011frenmek i\u00e7in.<\/p>\n<p>\ud83d\udce9 Hemen bir toplant\u0131 planlay\u0131n: <a href=\"mailto:huoyee@kcvents.com\">huoyee@kcvents.com<\/a><\/p>\n<p>Las Vegas'ta sizinle g\u00f6r\u00fc\u015fmeyi sab\u0131rs\u0131zl\u0131kla bekliyoruz!<\/p>\n<p>\u00dcr\u00fcnlerimiz hakk\u0131nda daha fazla bilgi edinmek veya fiyat teklifi talebinde bulunmak i\u00e7in l\u00fctfen <a href=\"\/tr\/request-quote\/\">bizimle ileti\u015fime ge\u00e7in<\/a> veya <a href=\"\/tr\/products\/\">\u00fcr\u00fcn sayfalar\u0131m\u0131z\u0131 ziyaret edin<\/a>.<\/p>","protected":false},"excerpt":{"rendered":"<p>We are thrilled to announce that&nbsp;KCVENTS&nbsp;is heading to Las Vegas for the AHR Expo!&nbsp;As one of the world\u2019s largest HVAC events, AHR brings together global professionals \u2014 and we are ready to showcase our latest innovations in ventilation, air purification, and heat recovery solutions. \ud83d\udccd Location: Las Vegas Convention Center\ud83d\udcc5 Dates: February 2\u20134, 2026\ud83e\udded Booth [&hellip;]<\/p>\n","protected":false},"author":1,"featured_media":1952,"comment_status":"open","ping_status":"open","sticky":false,"template":"","format":"standard","meta":{"_gspb_post_css":"","footnotes":""},"categories":[1],"tags":[],"class_list":["post-1953","post","type-post","status-publish","format-standard","has-post-thumbnail","hentry","category-uncategorized"],"blocksy_meta":[],"_links":{"self":[{"href":"https:\/\/www.kcvents.com\/tr\/wp-json\/wp\/v2\/posts\/1953","targetHints":{"allow":["GET"]}}],"collection":[{"href":"https:\/\/www.kcvents.com\/tr\/wp-json\/wp\/v2\/posts"}],"about":[{"href":"https:\/\/www.kcvents.com\/tr\/wp-json\/wp\/v2\/types\/post"}],"author":[{"embeddable":true,"href":"https:\/\/www.kcvents.com\/tr\/wp-json\/wp\/v2\/users\/1"}],"replies":[{"embeddable":true,"href":"https:\/\/www.kcvents.com\/tr\/wp-json\/wp\/v2\/comments?post=1953"}],"version-history":[{"count":7,"href":"https:\/\/www.kcvents.com\/tr\/wp-json\/wp\/v2\/posts\/1953\/revisions"}],"predecessor-version":[{"id":4229,"href":"https:\/\/www.kcvents.com\/tr\/wp-json\/wp\/v2\/posts\/1953\/revisions\/4229"}],"wp:featuredmedia":[{"embeddable":true,"href":"https:\/\/www.kcvents.com\/tr\/wp-json\/wp\/v2\/media\/1952"}],"wp:attachment":[{"href":"https:\/\/www.kcvents.com\/tr\/wp-json\/wp\/v2\/media?parent=1953"}],"wp:term":[{"taxonomy":"category","embeddable":true,"href":"https:\/\/www.kcvents.com\/tr\/wp-json\/wp\/v2\/categories?post=1953"},{"taxonomy":"post_tag","embeddable":true,"href":"https:\/\/www.kcvents.com\/tr\/wp-json\/wp\/v2\/tags?post=1953"}],"curies":[{"name":"wp","href":"https:\/\/api.w.org\/{rel}","templated":true}]}}