{"id":1959,"date":"2025-10-28T09:47:10","date_gmt":"2025-10-28T01:47:10","guid":{"rendered":"https:\/\/www.kcvents.com\/?p=1959"},"modified":"2026-08-26T09:20:07","modified_gmt":"2026-08-26T01:20:07","slug":"unveiling-potential-chic-hvac-groups-unforgettable-impact-at-ahr-2025-mexico","status":"publish","type":"post","link":"https:\/\/www.kcvents.com\/tr\/unveiling-potential-chic-hvac-groups-unforgettable-impact-at-ahr-2025-mexico\/","title":{"rendered":"Unveiling Potential \u2013 Chic HVAC Group\u2019s Unforgettable Impact at AHR 2025 Mexico!"},"content":{"rendered":"<p>Monterrey'in dinamik \u015fehrinde ge\u00e7en inan\u0131lmaz \u00fc\u00e7 g\u00fcn! 23-25 Eyl\u00fcl tarihleri aras\u0131nda Chic <a href=\"\/tr\/products\/\">HVAC<\/a> Group ekibi AHR Expo 2025'te sahadayd\u0131 ve ortamdaki enerji tek kelimeyle muhte\u015femdi. Kuzey Amerika'n\u0131n \u00f6nde gelen HVACR etkinliklerinden biri olarak, ba\u011flant\u0131 kurmam\u0131z, \u00fcr\u00fcnlerimizi sergilememiz ve dinamik Meksika pazar\u0131n\u0131 ke\u015ffetmemiz i\u00e7in kusursuz bir platform oldu.<\/p>\n<figure class=\"wp-block-image aligncenter\"><img decoding=\"async\" src=\"\/wp-content\/uploads\/2026\/06\/unveiling-potential-chic-hvac-groups-unforgettable-impact-at-ahr-2025-mexico-1.webp\" alt=\"Ticari fuarlar, konferanslar ve kurumsal etkinlikler i\u00e7in ideal modern bir etkinlik alan\u0131n\u0131 sergileyen, k\u0131rm\u0131z\u0131 \u00e7elik konstr\u00fcksiyonlu ve y\u00fcksek tavanl\u0131 sanatsal tasar\u0131ma sahip KCvents end\u00fcstriyel sergi salonu.\" class=\"wp-image-3096\" title=\"Potansiyeli A\u00e7\u0131\u011fa \u00c7\u0131karmak \u2013 Chic HVAC Group&#039;un AHR 2025 Mexico&#039;daki Unutulmaz Etkisi! 1\"\/><\/figure>\n<p>Stand\u0131m\u0131z, ilgi \u00e7ekici sohbetlerin ve ana \u00fcr\u00fcn gruplar\u0131m\u0131za y\u00f6nelik yo\u011fun ilginin hareketlili\u011fiyle dolup ta\u015fan bir merkez oldu. Yenilik\u00e7i \u00e7\u00f6z\u00fcm yelpazemizi tan\u0131tmaktan b\u00fcy\u00fck heyecan duyduk ve gelen tepkiler beklentilerimizin \u00e7ok \u00f6tesindeydi.&nbsp;<strong>Hava Perdelerimiz<\/strong>&nbsp;enerji tasarrufu sa\u011flarken ortamlar\u0131 kusursuz bi\u00e7imde ay\u0131ran y\u00fcksek verimlilikleri ve \u015f\u0131k tasar\u0131mlar\u0131yla yo\u011fun ilgi g\u00f6rd\u00fc. \u00dcr\u00fcnlerimiz,&nbsp;<strong>Inline Duct Fans<\/strong>&nbsp;\u00e7e\u015fitli havaland\u0131rma sistemlerindeki \u00e7ok y\u00f6nl\u00fcl\u00fckleri ve \u00fcst\u00fcn performanslar\u0131yla b\u00fcy\u00fck be\u011feni toplad\u0131. Sekt\u00f6r profesyonelleri, \u00f6zellikle \u015fu \u00fcr\u00fcnlerimizin sundu\u011fu ileri teknoloji ve enerji tasarrufundan olduk\u00e7a etkilendi:&nbsp;<strong>EC Egzoz Fanlar\u0131<\/strong>, ; bu da pazar\u0131n s\u00fcrd\u00fcr\u00fclebilirli\u011fe verdi\u011fi \u00f6nemin a\u00e7\u0131k bir g\u00f6stergesiydi. Ayr\u0131ca sundu\u011fumuz geni\u015f yelpazedeki&nbsp;<strong>Havaland\u0131rma Aksesuarlar\u0131<\/strong>, da kapsaml\u0131 bir \u00e7\u00f6z\u00fcm sa\u011flay\u0131c\u0131s\u0131 olarak \u00fcr\u00fcn gam\u0131m\u0131z\u0131 eksiksiz bi\u00e7imde tamamlad\u0131.<\/p>\n<figure class=\"wp-block-image aligncenter\"><img decoding=\"async\" src=\"\/wp-content\/uploads\/2026\/06\/unveiling-potential-chic-hvac-groups-unforgettable-impact-at-ahr-2025-mexico-2.webp\" alt=\"G\u00fcvenilir ve enerji verimli motor \u00e7\u00f6z\u00fcmlerinde uzmanla\u015fm\u0131\u015f KCvents EC Motor Shop&#039;ta y\u00fcksek kaliteli EC motorlar ve end\u00fcstriyel elektrik motorlar\u0131. End\u00fcstriyel otomasyon ve HVAC sistemleri i\u00e7in m\u00fckemmeldir.\" class=\"wp-image-3097\" title=\"Potansiyeli A\u00e7\u0131\u011fa \u00c7\u0131karmak \u2013 Chic HVAC Group&#039;un AHR 2025 Mexico&#039;daki Unutulmaz Etkisi! 2\"\/><\/figure>\n<p>Ba\u015far\u0131l\u0131 bir fuar\u0131n ger\u00e7ek \u00f6l\u00e7\u00fct\u00fc yaln\u0131zca ziyaret\u00e7i trafi\u011fi de\u011fil; kurulan ba\u011flant\u0131lar\u0131n ve gelen taleplerin niteli\u011fidir. S\u00fcrekli devam eden verimli g\u00f6r\u00fc\u015fmeler ve y\u00fcksek potansiyelli i\u015f f\u0131rsatlar\u0131 bildirmekten b\u00fcy\u00fck mutluluk duyuyoruz. Chic HVAC Group markas\u0131n\u0131n kal\u0131c\u0131 bir iz b\u0131rakt\u0131\u011f\u0131 a\u00e7\u0131k\u00e7a g\u00f6r\u00fcld\u00fc. Ziyaret\u00e7iler yaln\u0131zca \u00fcr\u00fcnleri de\u011fil; ihtiya\u00e7lar\u0131na \u00f6zel, g\u00fcvenilir, yenilik\u00e7i ve y\u00fcksek kaliteli \u00e7\u00f6z\u00fcmleri g\u00f6rd\u00fcler.<\/p>\n<figure class=\"wp-block-image aligncenter\"><img decoding=\"async\" src=\"\/wp-content\/uploads\/2026\/06\/unveiling-potential-chic-hvac-groups-unforgettable-impact-at-ahr-2025-mexico-3.webp\" alt=\"Ticari ve end\u00fcstriyel uygulamalar i\u00e7in y\u00fcksek verimli, g\u00fcvenilir elektrik motorlar\u0131ndan olu\u015fan geni\u015f bir \u00fcr\u00fcn yelpazesi sunan ve end\u00fcstriyel EC motorlar\u0131n\u0131 sergileyen KCvents elektrik motoru ma\u011fazas\u0131.\" class=\"wp-image-3099\" title=\"Potansiyeli A\u00e7\u0131\u011fa \u00c7\u0131karmak \u2013 Chic HVAC Group&#039;un AHR 2025 Mexico&#039;daki Unutulmaz Etkisi! 3\"\/><\/figure>\n<p>Bu deneyim bizim i\u00e7in g\u00fc\u00e7l\u00fc bir inanc\u0131 peki\u015ftirdi:&nbsp;<strong>Meksika pazar\u0131 b\u00fcy\u00fck bir potansiyele sahip.<\/strong>&nbsp;Kar\u015f\u0131la\u015ft\u0131\u011f\u0131m\u0131z yo\u011fun ilgi, g\u00f6r\u00fc\u015f\u00fclen spesifik ihtiya\u00e7lar ve geli\u015fmi\u015f HVAC \u00e7\u00f6z\u00fcmlerine y\u00f6nelik net talep, buran\u0131n stratejik b\u00fcy\u00fcme i\u00e7in kilit bir b\u00f6lge oldu\u011funu bize bir kez daha g\u00f6sterdi.<\/p>\n<figure class=\"wp-block-image aligncenter\"><img decoding=\"async\" src=\"\/wp-content\/uploads\/2026\/06\/unveiling-potential-chic-hvac-groups-unforgettable-impact-at-ahr-2025-mexico-4.webp\" alt=\"Bir ticaret fuar\u0131nda end\u00fcstriyel fanlar, klimalar ve motor par\u00e7alar\u0131n\u0131 sergileyen KCvents stand\u0131nda g\u00f6r\u00fc\u015fme yapan HVAC profesyonellerinin y\u00fcksek kaliteli g\u00f6rseli.\" class=\"wp-image-3100\" title=\"Potansiyeli A\u00e7\u0131\u011fa \u00c7\u0131karmak \u2013 Chic HVAC Group&#039;un AHR 2025 Mexico&#039;daki Unutulmaz Etkisi! 4\"\/><\/figure>\n<p>Gelece\u011fe bakt\u0131\u011f\u0131m\u0131zda Chic HVAC Group her zamankinden daha kararl\u0131. Sadece ziyaret etmiyor, yat\u0131r\u0131m yap\u0131yoruz. AHR 2025 Mexico'dan elde edilen kazan\u0131mlar paha bi\u00e7ilemez nitelikte; bu enerjiyi, bu umut verici pazar\u0131n benzersiz gereksinimlerini kar\u015f\u0131lamak ve a\u015fmak \u00fczere daha hedefe y\u00f6nelik \u00fcr\u00fcnler ve \u00e7\u00f6z\u00fcmler geli\u015ftirmeye y\u00f6nlendirece\u011fiz.<\/p>\n<figure class=\"wp-block-image aligncenter\"><img decoding=\"async\" src=\"\/wp-content\/uploads\/2026\/06\/unveiling-potential-chic-hvac-groups-unforgettable-impact-at-ahr-2025-mexico-5.webp\" alt=\"Bir ticaret fuar\u0131nda end\u00fcstriyel motor bile\u015fenleri ve par\u00e7alar\u0131n\u0131n yer ald\u0131\u011f\u0131 KCvents elektrik motoru sergisi.\" class=\"wp-image-3101\" title=\"Potansiyeli A\u00e7\u0131\u011fa \u00c7\u0131karmak \u2013 Chic HVAC Group&#039;un AHR 2025 Mexico&#039;daki Unutulmaz Etkisi! 5\"\/><\/figure>\n<p>Stand\u0131m\u0131z\u0131 ziyaret eden, g\u00f6r\u00fc\u015flerini payla\u015fan ve bize g\u00fcvenen herkese sonsuz te\u015fekk\u00fcrler. Meksika'da havaland\u0131rman\u0131n gelece\u011fi parlak ve Chic HVAC Group bunun bir par\u00e7as\u0131 olmaktan b\u00fcy\u00fck heyecan duyuyor.<\/p>\n<p><strong>Sizinle birlikte b\u00fcy\u00fcrken yeni geli\u015fmelerden haberdar olmak i\u00e7in takipte kal\u0131n!<\/strong><\/p>\n<p><strong>Chic HVAC Group Ekibi<\/strong><\/p>\n<p>\u00dcr\u00fcnlerimiz hakk\u0131nda daha fazla bilgi edinmek veya fiyat teklifi talebinde bulunmak i\u00e7in l\u00fctfen <a href=\"\/tr\/request-quote\/\">bizimle ileti\u015fime ge\u00e7in<\/a> veya <a href=\"\/tr\/products\/\">\u00fcr\u00fcn sayfalar\u0131m\u0131z\u0131 ziyaret edin<\/a>.<\/p>","protected":false},"excerpt":{"rendered":"<p>What an incredible three days in the vibrant city of Monterrey! From September 23rd to 25th, the Chic HVAC Group team was on the ground at AHR Expo 2025, and the energy was absolutely electric. As one of North America\u2019s premier HVACR events, it was the perfect platform for us to connect, showcase, and explore [&hellip;]<\/p>\n","protected":false},"author":1,"featured_media":1957,"comment_status":"open","ping_status":"open","sticky":false,"template":"","format":"standard","meta":{"_gspb_post_css":"","footnotes":""},"categories":[1],"tags":[],"class_list":["post-1959","post","type-post","status-publish","format-standard","has-post-thumbnail","hentry","category-uncategorized"],"blocksy_meta":[],"_links":{"self":[{"href":"https:\/\/www.kcvents.com\/tr\/wp-json\/wp\/v2\/posts\/1959","targetHints":{"allow":["GET"]}}],"collection":[{"href":"https:\/\/www.kcvents.com\/tr\/wp-json\/wp\/v2\/posts"}],"about":[{"href":"https:\/\/www.kcvents.com\/tr\/wp-json\/wp\/v2\/types\/post"}],"author":[{"embeddable":true,"href":"https:\/\/www.kcvents.com\/tr\/wp-json\/wp\/v2\/users\/1"}],"replies":[{"embeddable":true,"href":"https:\/\/www.kcvents.com\/tr\/wp-json\/wp\/v2\/comments?post=1959"}],"version-history":[{"count":4,"href":"https:\/\/www.kcvents.com\/tr\/wp-json\/wp\/v2\/posts\/1959\/revisions"}],"predecessor-version":[{"id":4230,"href":"https:\/\/www.kcvents.com\/tr\/wp-json\/wp\/v2\/posts\/1959\/revisions\/4230"}],"wp:featuredmedia":[{"embeddable":true,"href":"https:\/\/www.kcvents.com\/tr\/wp-json\/wp\/v2\/media\/1957"}],"wp:attachment":[{"href":"https:\/\/www.kcvents.com\/tr\/wp-json\/wp\/v2\/media?parent=1959"}],"wp:term":[{"taxonomy":"category","embeddable":true,"href":"https:\/\/www.kcvents.com\/tr\/wp-json\/wp\/v2\/categories?post=1959"},{"taxonomy":"post_tag","embeddable":true,"href":"https:\/\/www.kcvents.com\/tr\/wp-json\/wp\/v2\/tags?post=1959"}],"curies":[{"name":"wp","href":"https:\/\/api.w.org\/{rel}","templated":true}]}}