{"id":1967,"date":"2025-10-22T10:57:38","date_gmt":"2025-10-22T02:57:38","guid":{"rendered":"https:\/\/www.kcvents.com\/?p=1967"},"modified":"2026-08-26T09:20:12","modified_gmt":"2026-08-26T01:20:12","slug":"chic-group-shines-at-the-canton-fair-with-innovative-ventilation-solutions","status":"publish","type":"post","link":"https:\/\/www.kcvents.com\/tr\/chic-group-shines-at-the-canton-fair-with-innovative-ventilation-solutions\/","title":{"rendered":"CHIC GROUP Shines at the Canton Fair with Innovative Ventilation Solutions"},"content":{"rendered":"<h2 class=\"wp-block-heading has-text-align-center\">CHIC GROUP Shines at the Canton Fair with Innovative Ventilation Solutions<\/h2>\n<p>Kanton Fuar\u0131, CHIC GROUP'un en son havaland\u0131rma teknolojilerini sergilemesi ve d\u00fcnyan\u0131n d\u00f6rt bir yan\u0131ndan gelen m\u00fc\u015fterilerle ba\u011flant\u0131 kurmas\u0131 i\u00e7in bir kez daha ola\u011fan\u00fcst\u00fc bir platform oldu\u011funu kan\u0131tlad\u0131. Fuar boyunca stand\u0131m\u0131z, uzun vadeli i\u015f ortaklar\u0131m\u0131z ve yenilik\u00e7i \u00fcr\u00fcn gruplar\u0131m\u0131z\u0131 ke\u015ffetmeye hevesli yeni m\u00fc\u015fteriler de dahil olmak \u00fczere \u00e7ok say\u0131da ziyaret\u00e7inin ilgisini \u00e7ekti.<\/p>\n<\/p>\n<div class=\"wp-block-columns is-layout-flex wp-container-core-columns-is-layout-9d6595d7 wp-block-columns-is-layout-flex\">\n<div class=\"wp-block-column is-layout-flow wp-block-column-is-layout-flow\">\n<div class=\"wp-block-stackable-columns stk-block-columns stk-block stk-ba3a9ab\" >\n<div class=\"stk-row stk-inner-blocks stk-block-content stk-content-align stk-ba3a9ab-column\">\n<div class=\"wp-block-stackable-column stk-block-column stk-column stk-block stk-71ac8f5\" data-v=\"4\" >\n<div class=\"stk-column-wrapper stk-block-column__content stk-container stk-71ac8f5-container stk--no-background stk--no-padding\">\n<div class=\"stk-block-content stk-inner-blocks stk-71ac8f5-inner-blocks\">\n<figure class=\"wp-block-image aligncenter size-full is-style-default\"><img loading=\"lazy\" decoding=\"async\" width=\"1000\" height=\"1333\" src=\"\/wp-content\/uploads\/2026\/06\/chic-group-shines-at-the-canton-fair-with-innovative-ventilation-solutions-1.webp\" alt=\"Kanton Fuar\u0131&#039;nda CHIC GROUP stand\u0131\" class=\"wp-image-3486\" \/><\/figure>\n<div class=\"wp-block-stackable-column stk-block-column stk-column stk-block stk-e68f133\" data-v=\"4\" >\n<div class=\"stk-column-wrapper stk-block-column__content stk-container stk-e68f133-container stk--no-background stk--no-padding\">\n<div class=\"stk-block-content stk-inner-blocks stk-e68f133-inner-blocks\">\n<figure class=\"wp-block-image aligncenter size-full\"><img loading=\"lazy\" decoding=\"async\" width=\"1000\" height=\"1031\" src=\"\/wp-content\/uploads\/2026\/06\/chic-group-shines-at-the-canton-fair-with-innovative-ventilation-solutions-2.webp\" alt=\"Kanton Fuar\u0131&#039;nda CHIC GROUP havaland\u0131rma \u00fcr\u00fcnleri\" class=\"wp-image-3487\" \/><\/figure>\n<\/div>\n<p>Bir\u00e7ok m\u00fc\u015fteri \u015fu \u00fcr\u00fcnlerimize yo\u011fun ilgi g\u00f6sterdi: <strong>taze hava havaland\u0131rma sistemleri<\/strong>, <strong>egzoz fanlar\u0131<\/strong>, ve <strong>havaland\u0131rma aksesuarlar\u0131<\/strong>. Y\u00fcksek verimlilikleri, sessiz \u00e7al\u0131\u015fma \u00f6zellikleri ve ak\u0131ll\u0131 kontrol fonksiyonlar\u0131yla tan\u0131nan KCVENTS \u00fcr\u00fcn serisi, enerji tasarruflu ve g\u00fcvenilir i\u00e7 mek\u00e2n hava kalitesi \u00e7\u00f6z\u00fcmleri arayan uluslararas\u0131 al\u0131c\u0131lar\u0131n \u00f6zellikle dikkatini \u00e7ekti. Ekibimiz; \u0131s\u0131 geri kazan\u0131ml\u0131 havaland\u0131rma cihazlar\u0131m\u0131z\u0131n (HRV), HEPA filtreli fanlar\u0131m\u0131z\u0131n ve hem konut hem de end\u00fcstriyel kullan\u0131ma uygun \u00e7e\u015fitli egzoz fanlar\u0131m\u0131z\u0131n avantajlar\u0131n\u0131 a\u00e7\u0131klayan detayl\u0131 tan\u0131t\u0131mlar ger\u00e7ekle\u015ftirdi.<\/p>\n<div class=\"wp-block-stackable-columns stk-block-columns stk-block stk-506facb\" >\n<div class=\"stk-row stk-inner-blocks stk-block-content stk-content-align stk-506facb-column\">\n<div class=\"wp-block-stackable-column stk-block-column stk-column stk-block stk-39f1e00\" data-v=\"4\" >\n<div class=\"stk-column-wrapper stk-block-column__content stk-container stk-39f1e00-container stk--no-background stk--no-padding\">\n<div class=\"stk-block-content stk-inner-blocks stk-39f1e00-inner-blocks\">\n<figure class=\"wp-block-image aligncenter size-full\"><img loading=\"lazy\" decoding=\"async\" width=\"1080\" height=\"957\" src=\"\/wp-content\/uploads\/2026\/06\/chic-group-shines-at-the-canton-fair-with-innovative-ventilation-solutions-3.webp\" alt=\"Kanton Fuar\u0131 sergi salonu CHIC GROUP\" class=\"wp-image-3488\" \/><\/figure>\n<div class=\"wp-block-stackable-column stk-block-column stk-column stk-block stk-2b55a9e\" data-v=\"4\" >\n<div class=\"stk-column-wrapper stk-block-column__content stk-container stk-2b55a9e-container stk--no-background stk--no-padding\">\n<div class=\"stk-block-content stk-inner-blocks stk-2b55a9e-inner-blocks\">\n<figure class=\"wp-block-image aligncenter size-full\"><img loading=\"lazy\" decoding=\"async\" width=\"786\" height=\"958\" src=\"\/wp-content\/uploads\/2026\/06\/chic-group-shines-at-the-canton-fair-with-innovative-ventilation-solutions-4.webp\" alt=\"Kanton Fuar\u0131&#039;nda CHIC GROUP ekibi\" class=\"wp-image-3489\" \/><\/figure>\n<p>Fuar s\u00fcresince, \u00fcr\u00fcnlerimizin tasar\u0131m\u0131n\u0131, performans\u0131n\u0131 ve rekabet\u00e7i fiyatland\u0131rmas\u0131n\u0131 takdir eden bir\u00e7ok profesyonel ziyaret\u00e7iden olumlu geri bildirimler ald\u0131k. Bir\u00e7ok m\u00fc\u015fteri, \u00f6zellikle Avrupa, Orta Do\u011fu ve G\u00fcneydo\u011fu Asya'daki \u00f6zel havaland\u0131rma projeleri i\u00e7in CHIC GROUP ile uzun vadeli i\u015f birli\u011fi kurma niyetlerini dile getirdi.<\/p>\n<div class=\"wp-block-image\">\n<figure class=\"aligncenter size-full is-resized\"><img loading=\"lazy\" decoding=\"async\" width=\"1080\" height=\"1440\" src=\"\/wp-content\/uploads\/2026\/06\/chic-group-shines-at-the-canton-fair-with-innovative-ventilation-solutions-5.webp\" alt=\"Kanton Fuar\u0131 CHIC GROUP stand\u0131ndaki ziyaret\u00e7iler\" class=\"wp-image-3490\" style=\"aspect-ratio:1;object-fit:contain;width:445px;height:auto\" \/><\/figure>\n<\/div>\n<p>\u00dcr\u00fcn tan\u0131t\u0131mlar\u0131n\u0131n yan\u0131 s\u0131ra, teknik ve sat\u0131\u015f ekiplerimiz ticari g\u00f6r\u00fc\u015fmelere aktif olarak kat\u0131larak CHIC GROUP'un inovasyon, kalite g\u00fcvencesi ve k\u00fcresel hizmet taahh\u00fcd\u00fcn\u00fc payla\u015ft\u0131. Fuar, yaln\u0131zca mevcut i\u015f ortaklar\u0131m\u0131zla olan ili\u015fkilerimizi g\u00fc\u00e7lendirmekle kalmad\u0131, ayn\u0131 zamanda geli\u015fmekte olan pazarlarda da yeni f\u0131rsatlar yaratt\u0131.<\/p>\n<div class=\"wp-block-image\">\n<figure class=\"aligncenter size-full is-resized\"><img loading=\"lazy\" decoding=\"async\" width=\"1080\" height=\"1440\" src=\"\/wp-content\/uploads\/2026\/06\/chic-group-shines-at-the-canton-fair-with-innovative-ventilation-solutions-6.webp\" alt=\"Kanton Fuar\u0131 CHIC GROUP \u00fcr\u00fcn vitrini\" class=\"wp-image-3491\" style=\"aspect-ratio:1;object-fit:cover;width:336px;height:auto\" \/><\/figure>\n<\/div>\n<p>Kanton Fuar\u0131, CHIC GROUP i\u00e7in sekt\u00f6rdeki g\u00fcc\u00fcn\u00fc sergileme konusunda her zaman \u00f6nemli bir etkinlik olmu\u015ftur: <a href=\"\/tr\/products\/\">HVAC<\/a> sekt\u00f6r\u00fc. Bu y\u0131lki ba\u015far\u0131l\u0131 kat\u0131l\u0131m\u0131m\u0131z, kapsaml\u0131 havaland\u0131rma \u00e7\u00f6z\u00fcmlerinde g\u00fcvenilir bir tedarik\u00e7i olarak konumumuzu bir kez daha teyit etti. Bu fuar boyunca elde edilen ba\u015far\u0131lardan gurur duyuyor ve t\u00fcm ziyaret\u00e7ilerin g\u00f6sterdi\u011fi co\u015fkulu ilgiye te\u015fekk\u00fcr ediyoruz.<\/p>\n<div class=\"wp-block-image\">\n<figure class=\"aligncenter size-full is-resized\"><img loading=\"lazy\" decoding=\"async\" width=\"1081\" height=\"1076\" src=\"\/wp-content\/uploads\/2026\/06\/chic-group-shines-at-the-canton-fair-with-innovative-ventilation-solutions-7.webp\" alt=\"Kanton Fuar\u0131&#039;nda CHIC GROUP sergisi\" class=\"wp-image-3492\" style=\"aspect-ratio:1;object-fit:cover;width:337px;height:auto\" \/><\/figure>\n<\/div>\n<p>Gelece\u011fe bak\u0131ld\u0131\u011f\u0131nda CHIC GROUP, \u00fcr\u00fcn inovasyonunu geli\u015ftirmeye, m\u00fc\u015fteri deneyimini iyile\u015ftirmeye ve uluslararas\u0131 i\u015f birliklerini geni\u015fletmeye devam edecektir. \u0130\u015f ortaklar\u0131m\u0131zla ve yeni dostlar\u0131m\u0131zla yeniden bir araya gelmeyi i\u00e7tenlikle sab\u0131rs\u0131zl\u0131kla bekliyoruz: <strong>gelecek y\u0131lki Bahar Kanton Fuar\u0131'nda<\/strong>, burada k\u00fcresel pazara daha da geli\u015fmi\u015f, verimli ve \u00e7evre dostu havaland\u0131rma \u00fcr\u00fcnleri sunaca\u011f\u0131z.<\/p>\n<p>\u00dcr\u00fcnlerimiz hakk\u0131nda daha fazla bilgi edinmek veya fiyat teklifi talebinde bulunmak i\u00e7in l\u00fctfen <a href=\"\/tr\/request-quote\/\">bizimle ileti\u015fime ge\u00e7in<\/a> veya <a href=\"\/tr\/products\/\">\u00fcr\u00fcn sayfalar\u0131m\u0131z\u0131 ziyaret edin<\/a>.<\/p>","protected":false},"excerpt":{"rendered":"<p>CHIC GROUP Shines at the Canton Fair with Innovative Ventilation Solutions The Canton Fair once again proved to be an exceptional platform for CHIC GROUP to showcase its latest ventilation technologies and connect with clients from all over the world. Throughout the exhibition, our booth attracted a large number of visitors, including long-term partners and [&hellip;]<\/p>\n","protected":false},"author":1,"featured_media":1966,"comment_status":"open","ping_status":"open","sticky":false,"template":"","format":"standard","meta":{"_gspb_post_css":"","footnotes":""},"categories":[1],"tags":[],"class_list":["post-1967","post","type-post","status-publish","format-standard","has-post-thumbnail","hentry","category-uncategorized"],"blocksy_meta":[],"_links":{"self":[{"href":"https:\/\/www.kcvents.com\/tr\/wp-json\/wp\/v2\/posts\/1967","targetHints":{"allow":["GET"]}}],"collection":[{"href":"https:\/\/www.kcvents.com\/tr\/wp-json\/wp\/v2\/posts"}],"about":[{"href":"https:\/\/www.kcvents.com\/tr\/wp-json\/wp\/v2\/types\/post"}],"author":[{"embeddable":true,"href":"https:\/\/www.kcvents.com\/tr\/wp-json\/wp\/v2\/users\/1"}],"replies":[{"embeddable":true,"href":"https:\/\/www.kcvents.com\/tr\/wp-json\/wp\/v2\/comments?post=1967"}],"version-history":[{"count":4,"href":"https:\/\/www.kcvents.com\/tr\/wp-json\/wp\/v2\/posts\/1967\/revisions"}],"predecessor-version":[{"id":4231,"href":"https:\/\/www.kcvents.com\/tr\/wp-json\/wp\/v2\/posts\/1967\/revisions\/4231"}],"wp:featuredmedia":[{"embeddable":true,"href":"https:\/\/www.kcvents.com\/tr\/wp-json\/wp\/v2\/media\/1966"}],"wp:attachment":[{"href":"https:\/\/www.kcvents.com\/tr\/wp-json\/wp\/v2\/media?parent=1967"}],"wp:term":[{"taxonomy":"category","embeddable":true,"href":"https:\/\/www.kcvents.com\/tr\/wp-json\/wp\/v2\/categories?post=1967"},{"taxonomy":"post_tag","embeddable":true,"href":"https:\/\/www.kcvents.com\/tr\/wp-json\/wp\/v2\/tags?post=1967"}],"curies":[{"name":"wp","href":"https:\/\/api.w.org\/{rel}","templated":true}]}}