{"id":1972,"date":"2024-10-30T06:11:58","date_gmt":"2024-10-29T22:11:58","guid":{"rendered":"https:\/\/www.kcvents.com\/?p=1972"},"modified":"2026-08-26T09:20:18","modified_gmt":"2026-08-26T01:20:18","slug":"kcvents-attends-ahr-orlando-2025","status":"publish","type":"post","link":"https:\/\/www.kcvents.com\/tr\/kcvents-attends-ahr-orlando-2025\/","title":{"rendered":"KCVENTS Attends AHR Orlando 2025"},"content":{"rendered":"<p>KCVENTS, 10-12 \u015eubat 2025 tarihleri aras\u0131nda Orlando, Florida'da d\u00fczenlenecek olan AHR Expo'ya kat\u0131laca\u011f\u0131n\u0131 duyurmaktan heyecan duyar. D\u00fcnyan\u0131n en b\u00fcy\u00fck ve en etkili HVACR etkinliklerinden biri olan AHR Expo, sekt\u00f6r genelindeki profesyonelleri ve \u015firketleri bir araya getirerek a\u011f kurma, bilgi edinme ve en son teknolojileri sergileme konusunda benzersiz bir platform sunmaktad\u0131r.<\/p>\n<h4 class=\"wp-block-heading\">M\u00fckemmelli\u011fe Olan Ba\u011fl\u0131l\u0131k<\/h4>\n<p>KCVENTS olarak, geni\u015f \u00fcretim tecr\u00fcbemizden ve y\u00fcksek kaliteli havaland\u0131rma \u00e7\u00f6z\u00fcmleri sunma konusundaki kararl\u0131l\u0131\u011f\u0131m\u0131zdan gurur duyuyoruz. \u00dcr\u00fcn yelpazemiz geli\u015fmi\u015f dizel \u0131s\u0131t\u0131c\u0131lar, portatif klimalar, nem alma cihazlar\u0131, elektrikli \u0131s\u0131t\u0131c\u0131lar, inline duct fanlar (kanal tipi fanlar), aksiyel fanlar, santrif\u00fcj fanlar, \u00f6zel kurutma fanlar\u0131 ve harici rotorlu fanlar\u0131 i\u00e7ermektedir. Her bir \u00fcr\u00fcn, m\u00fc\u015fteri memnuniyeti g\u00f6z \u00f6n\u00fcnde bulundurularak tasarlanm\u0131\u015f olup HVACR sekt\u00f6r\u00fcndeki m\u00fckemmellik ve yenilik\u00e7ilik taahh\u00fcd\u00fcm\u00fcz\u00fc yans\u0131tmaktad\u0131r.<\/p>\n<figure class=\"wp-block-image aligncenter size-full\"><img decoding=\"async\" fetchpriority=\"high\" width=\"1000\" height=\"1000\" src=\"\/wp-content\/uploads\/2026\/06\/kcvents-attends-ahr-orlando-2025-1.webp\" alt=\"AHR Expo Orlando 2025&#039;te KCVENTS stand\u0131\" class=\"wp-image-2347\" \/><\/figure>\n<h4 class=\"wp-block-heading\">Stand\u0131m\u0131zda Sizi Neler Bekliyor?<\/h4>\n<p>Stand\u0131m\u0131z\u0131 ziyaret edenler <strong>9524<\/strong> en son \u00fcr\u00fcnlerimizi ve teknolojilerimizi i\u00e7eren etkile\u015fimli bir deneyim bekleyebilirler. M\u00fc\u015fterilerimizden olumlu geri bildirimler alan DPT15-45J HEPA filtreli santrif\u00fcj fan ve Plastik taze hava fan\u0131 (Plastic fresh air fan) dahil olmak \u00fczere amiral gemisi modellerimizi sergileyece\u011fiz. Ekibimiz, bu \u00fcr\u00fcnlerin \u00f6zelliklerini ve avantajlar\u0131n\u0131 g\u00f6r\u00fc\u015fmek, sorular\u0131 yan\u0131tlamak ve \u00e7e\u015fitli uygulamalarda hava kalitesini ve enerji verimlili\u011fini nas\u0131l art\u0131rabileceklerine dair bilgiler sunmak \u00fczere haz\u0131r bulunacakt\u0131r.<\/p>\n<figure class=\"wp-block-image aligncenter size-full\"><img loading=\"lazy\" decoding=\"async\" width=\"1000\" height=\"1000\" src=\"\/wp-content\/uploads\/2026\/06\/kcvents-attends-ahr-orlando-2025-2.webp\" alt=\"AHR Expo 2025 Orlando&#039;da KCVENTS \u00fcr\u00fcnleri\" class=\"wp-image-2345\" \/><\/figure>\n<p>Ayr\u0131ca, pazarda b\u00fcy\u00fck ilgi g\u00f6ren Single Room <a href=\"\/tr\/urun-kategori\/single-room-hrv\/\">HRV<\/a> (<a href=\"\/tr\/products\/single-room-heat-recovery-units-vt501\/\">VT501<\/a>) ve Duvar Tipi HEPA Fan\u0131 (VT502) \u00e7\u00f6z\u00fcmlerimizi sunmaktan b\u00fcy\u00fck heyecan duyuyoruz. Bu \u00fcr\u00fcnler, hava kalitesinin \u00f6ncelikli oldu\u011fu konut ve ticari alanlar i\u00e7in son derece uygundur. Alan\u0131nda uzman personelimiz demonstrasyonlar yapmak, teknik \u00f6zellikleri payla\u015fmak ve m\u00fc\u015fterilerin \u00f6zel ihtiya\u00e7lar\u0131n\u0131 kar\u015f\u0131lamaya y\u00f6nelik olas\u0131 OEM \u00f6zelle\u015ftirmelerini g\u00f6r\u00fc\u015fmek \u00fczere stand\u0131m\u0131zda yer alacakt\u0131r.<\/p>\n<figure class=\"wp-block-image aligncenter size-full\"><img loading=\"lazy\" decoding=\"async\" width=\"1000\" height=\"1000\" src=\"\/wp-content\/uploads\/2026\/06\/kcvents-attends-ahr-orlando-2025-3.webp\" alt=\"AHR Expo Orlando&#039;da KCVENTS ekibi\" class=\"wp-image-2346\" \/><\/figure>\n<h4 class=\"wp-block-heading\">\u0130\u015f A\u011f\u0131 (Networking) F\u0131rsatlar\u0131<\/h4>\n<p>AHR Orlando 2025, sekt\u00f6r profesyonellerinin ba\u011flant\u0131 kurmas\u0131 ve i\u015f birli\u011fi yapmas\u0131 i\u00e7in paha bi\u00e7ilmez bir f\u0131rsat sunmaktad\u0131r. KCVENTS; yeni i\u015f f\u0131rsatlar\u0131n\u0131 ke\u015ffetmek ve pazar trendleri hakk\u0131nda fikir al\u0131\u015fveri\u015finde bulunmak \u00fczere ortaklar, tedarik\u00e7iler ve potansiyel m\u00fc\u015fterilerle bir araya gelmeyi sab\u0131rs\u0131zl\u0131kla beklemektedir. \u0130\u015f birli\u011finin, inovasyonu te\u015fvik etmede ve HVACR sekt\u00f6r\u00fcndeki ortak hedeflerimizi ileriye ta\u015f\u0131mada kilit rol oynad\u0131\u011f\u0131na inan\u0131yoruz.<\/p>\n<h4 class=\"wp-block-heading\">S\u00fcrd\u00fcr\u00fclebilirlik ve Gelecek Trendleri<\/h4>\n<p>Sekt\u00f6r geli\u015fmeye devam ederken, s\u00fcrd\u00fcr\u00fclebilirlik odak noktas\u0131 olmay\u0131 s\u00fcrd\u00fcrmektedir. KCVENTS olarak, sekt\u00f6r standartlar\u0131n\u0131 yaln\u0131zca kar\u015f\u0131lamakla kalmay\u0131p a\u015fan \u00e7evre dostu \u00fcr\u00fcnler geli\u015ftirmeye kararl\u0131y\u0131z. AHR Orlando kat\u0131l\u0131m\u0131m\u0131z, enerji verimlili\u011fini art\u0131ran ve karbon ayak izini azaltan yenilik\u00e7i havaland\u0131rma \u00e7\u00f6z\u00fcmleriyle daha ye\u015fil bir gelece\u011fe katk\u0131da bulunma misyonumuzla \u00f6rt\u00fc\u015fmektedir.<\/p>\n<h4 class=\"wp-block-heading\">AHR Orlando 2025'te Bizi Ziyaret Edin<\/h4>\n<p>T\u00fcm kat\u0131l\u0131mc\u0131lar\u0131, stand\u0131m\u0131za u\u011frayarak <strong>9524<\/strong> \u00fcr\u00fcnlerimizin HVACR sistemlerinizi nas\u0131l geli\u015ftirebilece\u011fini ve i\u00e7 mekan hava kalitesini nas\u0131l art\u0131rabilece\u011fini ke\u015ffetmeye davet ediyoruz. \u0130ster y\u00fcklenici, ister distrib\u00fct\u00f6r, ister son kullan\u0131c\u0131 olun, ekibimiz ihtiya\u00e7lar\u0131n\u0131za en uygun \u00e7\u00f6z\u00fcmleri bulman\u0131zda sizlere yard\u0131mc\u0131 olmaya haz\u0131rd\u0131r.<\/p>\n<figure class=\"wp-block-image aligncenter size-full\"><img loading=\"lazy\" decoding=\"async\" width=\"1200\" height=\"1200\" src=\"\/wp-content\/uploads\/2026\/06\/kcvents-attends-ahr-orlando-2025-4.webp\" alt=\"AHR Expo 2025 KCVENTS fuar stand\u0131\" class=\"wp-image-2348\" \/><\/figure>\n<p>KCVENTS ile HVACR'\u0131n gelece\u011fini ke\u015ffetmek i\u00e7in AHR Orlando 2025'te bize kat\u0131l\u0131n. Sekt\u00f6rde inovasyona, m\u00fckemmelli\u011fe ve s\u00fcrd\u00fcr\u00fclebilir bir gelece\u011fe do\u011fru birlikte ad\u0131m atal\u0131m.<\/p>\n<p>Kat\u0131l\u0131m\u0131m\u0131z ve sundu\u011fumuz \u00fcr\u00fcnler hakk\u0131nda daha fazla bilgi i\u00e7in l\u00fctfen web sitemizi ziyaret edin veya do\u011frudan bizimle ileti\u015fime ge\u00e7in. Sizi Orlando'da g\u00f6rmek i\u00e7in sab\u0131rs\u0131zlan\u0131yoruz!<\/p>\n<p>\u00dcr\u00fcnlerimiz hakk\u0131nda daha fazla bilgi edinmek veya fiyat teklifi talebinde bulunmak i\u00e7in l\u00fctfen <a href=\"\/tr\/request-quote\/\">bizimle ileti\u015fime ge\u00e7in<\/a> veya <a href=\"\/tr\/products\/\">\u00fcr\u00fcn sayfalar\u0131m\u0131z\u0131 ziyaret edin<\/a>.<\/p>","protected":false},"excerpt":{"rendered":"<p>KCVENTS is excited to announce our participation in the AHR Expo in Orlando, Florida, taking place from February 10-12, 2025. As one of the largest and most influential HVACR events in the world, the AHR Expo attracts professionals and companies from across the industry, providing a unique platform for networking, learning, and showcasing the latest [&hellip;]<\/p>\n","protected":false},"author":1,"featured_media":1971,"comment_status":"open","ping_status":"open","sticky":false,"template":"","format":"standard","meta":{"_gspb_post_css":"","footnotes":""},"categories":[1],"tags":[],"class_list":["post-1972","post","type-post","status-publish","format-standard","has-post-thumbnail","hentry","category-uncategorized"],"blocksy_meta":[],"_links":{"self":[{"href":"https:\/\/www.kcvents.com\/tr\/wp-json\/wp\/v2\/posts\/1972","targetHints":{"allow":["GET"]}}],"collection":[{"href":"https:\/\/www.kcvents.com\/tr\/wp-json\/wp\/v2\/posts"}],"about":[{"href":"https:\/\/www.kcvents.com\/tr\/wp-json\/wp\/v2\/types\/post"}],"author":[{"embeddable":true,"href":"https:\/\/www.kcvents.com\/tr\/wp-json\/wp\/v2\/users\/1"}],"replies":[{"embeddable":true,"href":"https:\/\/www.kcvents.com\/tr\/wp-json\/wp\/v2\/comments?post=1972"}],"version-history":[{"count":4,"href":"https:\/\/www.kcvents.com\/tr\/wp-json\/wp\/v2\/posts\/1972\/revisions"}],"predecessor-version":[{"id":4232,"href":"https:\/\/www.kcvents.com\/tr\/wp-json\/wp\/v2\/posts\/1972\/revisions\/4232"}],"wp:featuredmedia":[{"embeddable":true,"href":"https:\/\/www.kcvents.com\/tr\/wp-json\/wp\/v2\/media\/1971"}],"wp:attachment":[{"href":"https:\/\/www.kcvents.com\/tr\/wp-json\/wp\/v2\/media?parent=1972"}],"wp:term":[{"taxonomy":"category","embeddable":true,"href":"https:\/\/www.kcvents.com\/tr\/wp-json\/wp\/v2\/categories?post=1972"},{"taxonomy":"post_tag","embeddable":true,"href":"https:\/\/www.kcvents.com\/tr\/wp-json\/wp\/v2\/tags?post=1972"}],"curies":[{"name":"wp","href":"https:\/\/api.w.org\/{rel}","templated":true}]}}