{"id":1993,"date":"2024-03-11T10:47:39","date_gmt":"2024-03-11T02:47:39","guid":{"rendered":"https:\/\/www.kcvents.com\/?p=1993"},"modified":"2026-08-26T09:20:27","modified_gmt":"2026-08-26T01:20:27","slug":"kcvents-we-are-ready-for-mce-exhibition","status":"publish","type":"post","link":"https:\/\/www.kcvents.com\/tr\/kcvents-we-are-ready-for-mce-exhibition\/","title":{"rendered":"KCVENTS, We Are Ready For MCE Exhibition"},"content":{"rendered":"<p>Mostra Convegno Expocomfort (MCE) Fuar\u0131, iki y\u0131lda bir d\u00fczenlenen ve uluslararas\u0131 alanda <a href=\"\/tr\/products\/\">HVAC<\/a> (Is\u0131tma, Havaland\u0131rma ve \u0130klimlendirme) ile enerji verimlili\u011fi sekt\u00f6rlerine adanm\u0131\u015f bir ticaret fuar\u0131d\u0131r. Sekt\u00f6r profesyonelleri, \u00fcreticiler ve uzmanlar i\u00e7in en son geli\u015fmeleri, teknolojileri ve yenilikleri sergilemek ve ke\u015ffetmek ad\u0131na \u00f6nde gelen bir platform g\u00f6revi g\u00f6r\u00fcr<\/p>\n<figure class=\"wp-block-image aligncenter size-full\"><img decoding=\"async\" fetchpriority=\"high\" width=\"2560\" height=\"1920\" src=\"\/wp-content\/uploads\/2026\/06\/kcvents-we-are-ready-for-mce-exhibition-1.webp\" alt=\"KCVENTS MCE fuar stand\u0131 i\u00e7in haz\u0131r\" class=\"wp-image-2197\" \/><\/figure>\n<p>MCE Fuar\u0131, hem bireyler hem de i\u015fletmeler i\u00e7in geni\u015f bir avantaj yelpazesi ve de\u011ferli kaynaklar sunar. MCE fuar\u0131n\u0131n kat\u0131l\u0131mc\u0131lara sa\u011flad\u0131\u011f\u0131 olanaklar \u015funlar\u0131 i\u00e7erir:<\/p>\n<p>Sekt\u00f6rel \u0130\u00e7g\u00f6r\u00fcler<\/p>\n<p>\u0130\u015f A\u011f\u0131 (Networking) F\u0131rsatlar\u0131<\/p>\n<p>Ticari \u0130\u015f Birlikleri<\/p>\n<p>Pazar Geni\u015fletme<\/p>\n<p>S\u00fcrd\u00fcr\u00fclebilir \u00c7\u00f6z\u00fcmler<\/p>\n<p>Teknik Bilgi<\/p>\n<p>Ak\u0131ll\u0131 Bina Entegrasyonu<\/p>\n<p>\u0130novasyon Vitrini<\/p>\n<figure class=\"wp-block-image aligncenter size-full\"><img loading=\"lazy\" decoding=\"async\" width=\"2560\" height=\"1920\" src=\"\/wp-content\/uploads\/2026\/06\/kcvents-we-are-ready-for-mce-exhibition-2.webp\" alt=\"MCE fuar haz\u0131rl\u0131\u011f\u0131 KCVENTS\" class=\"wp-image-2196\" \/><\/figure>\n<p>\u0130\u015fte bug\u00fcn KCVENTS da MCE i\u00e7in yerini ald\u0131<\/p>\n<p>KCVENTS olarak; hava perdeleri, havaland\u0131rma fanlar\u0131, \u0131s\u0131 geri kazan\u0131m cihazlar\u0131, \u0131s\u0131tma ve so\u011futma ekipmanlar\u0131 ile hava temizleyiciler gibi her t\u00fcrl\u00fc havaland\u0131rma ihtiyac\u0131n\u0131n tasar\u0131m\u0131, \u00fcretimi ve \u00e7\u00f6z\u00fcmlerinin sunulmas\u0131nda uzmanla\u015fm\u0131\u015f bir kurulu\u015fuz; bu uzmanl\u0131\u011f\u0131m\u0131z ilgili sertifikalar ve d\u00fcnya \u00e7ap\u0131nda tamamlanm\u0131\u015f projelerle kan\u0131tlanm\u0131\u015ft\u0131r. Amac\u0131m\u0131z, gelecek nesillerin ya\u015fam\u0131 i\u00e7in \u00fcr\u00fcnler \u00fcretmek ve onlar\u0131n gereksinimlerini kar\u015f\u0131lamakt\u0131r<\/p>\n<figure class=\"wp-block-image aligncenter size-full\"><img loading=\"lazy\" decoding=\"async\" width=\"2560\" height=\"1920\" src=\"\/wp-content\/uploads\/2026\/06\/kcvents-we-are-ready-for-mce-exhibition-3.webp\" alt=\"KCVENTS stant kurulumu MCE\" class=\"wp-image-2198\" \/><\/figure>\n<figure class=\"wp-block-image aligncenter size-full\"><img loading=\"lazy\" decoding=\"async\" width=\"1280\" height=\"819\" src=\"\/wp-content\/uploads\/2026\/06\/kcvents-we-are-ready-for-mce-exhibition-4.webp\" alt=\"KCVENTS \u00fcr\u00fcnleri MCE fuar\u0131 i\u00e7in haz\u0131r\" class=\"wp-image-2199\" \/><\/figure>\n<figure class=\"wp-block-image aligncenter size-full\"><img loading=\"lazy\" decoding=\"async\" width=\"1280\" height=\"819\" src=\"\/wp-content\/uploads\/2026\/06\/kcvents-we-are-ready-for-mce-exhibition-5.webp\" alt=\"KCVENTS ekibi MCE i\u00e7in haz\u0131rlan\u0131yor\" class=\"wp-image-2200\" \/><\/figure>\n<p><strong>Stand\u0131m\u0131za davetlisiniz; Salon 11, T56 stand\u0131nda ziyaretinizi bekliyoruz<\/strong>.<\/p>\n<p>\u00dcr\u00fcnlerimiz hakk\u0131nda daha fazla bilgi edinmek veya fiyat teklifi talebinde bulunmak i\u00e7in l\u00fctfen <a href=\"\/tr\/request-quote\/\">bizimle ileti\u015fime ge\u00e7in<\/a> veya <a href=\"\/tr\/products\/\">\u00fcr\u00fcn sayfalar\u0131m\u0131z\u0131 ziyaret edin<\/a>.<\/p>","protected":false},"excerpt":{"rendered":"<p>The Mostra Convegno Expocomfort (MCE) Exhibition is a biennial international trade fair dedicated to the HVAC (Heating, Ventilation, and Air Conditioning) and energy efficiency sectors. It serves as a prominent platform for industry professionals, manufacturers, and experts to showcase and explore the latest advancements, technologies, and innovations The MCE Exhibition offers a wide range of [&hellip;]<\/p>\n","protected":false},"author":1,"featured_media":1992,"comment_status":"open","ping_status":"open","sticky":false,"template":"","format":"standard","meta":{"_gspb_post_css":"","footnotes":""},"categories":[1],"tags":[],"class_list":["post-1993","post","type-post","status-publish","format-standard","has-post-thumbnail","hentry","category-uncategorized"],"blocksy_meta":[],"_links":{"self":[{"href":"https:\/\/www.kcvents.com\/tr\/wp-json\/wp\/v2\/posts\/1993","targetHints":{"allow":["GET"]}}],"collection":[{"href":"https:\/\/www.kcvents.com\/tr\/wp-json\/wp\/v2\/posts"}],"about":[{"href":"https:\/\/www.kcvents.com\/tr\/wp-json\/wp\/v2\/types\/post"}],"author":[{"embeddable":true,"href":"https:\/\/www.kcvents.com\/tr\/wp-json\/wp\/v2\/users\/1"}],"replies":[{"embeddable":true,"href":"https:\/\/www.kcvents.com\/tr\/wp-json\/wp\/v2\/comments?post=1993"}],"version-history":[{"count":4,"href":"https:\/\/www.kcvents.com\/tr\/wp-json\/wp\/v2\/posts\/1993\/revisions"}],"predecessor-version":[{"id":4234,"href":"https:\/\/www.kcvents.com\/tr\/wp-json\/wp\/v2\/posts\/1993\/revisions\/4234"}],"wp:featuredmedia":[{"embeddable":true,"href":"https:\/\/www.kcvents.com\/tr\/wp-json\/wp\/v2\/media\/1992"}],"wp:attachment":[{"href":"https:\/\/www.kcvents.com\/tr\/wp-json\/wp\/v2\/media?parent=1993"}],"wp:term":[{"taxonomy":"category","embeddable":true,"href":"https:\/\/www.kcvents.com\/tr\/wp-json\/wp\/v2\/categories?post=1993"},{"taxonomy":"post_tag","embeddable":true,"href":"https:\/\/www.kcvents.com\/tr\/wp-json\/wp\/v2\/tags?post=1993"}],"curies":[{"name":"wp","href":"https:\/\/api.w.org\/{rel}","templated":true}]}}