{"id":2008,"date":"2023-09-15T08:04:09","date_gmt":"2023-09-15T00:04:09","guid":{"rendered":"https:\/\/www.kcvents.com\/?p=2008"},"modified":"2026-08-26T09:20:42","modified_gmt":"2026-08-26T01:20:42","slug":"kcvents-day-3-at-2023-febrava-hvac-r-exhibition","status":"publish","type":"post","link":"https:\/\/www.kcvents.com\/tr\/kcvents-day-3-at-2023-febrava-hvac-r-exhibition\/","title":{"rendered":"<strong>KCVENTS Day 3 At 2023 Febrava HVAC-R exhibition<\/strong>"},"content":{"rendered":"<p>KCVENTS, 2023 Febrava <a href=\"\/tr\/products\/\">HVAC<\/a>-R fuar\u0131nda ba\u015far\u0131l\u0131 bir 3. g\u00fcn ge\u00e7irdi! M\u00fc\u015fterilerle do\u011frudan s\u00f6zle\u015fme imzalamak, \u00fcr\u00fcnlerinize duyulan ilgi ve g\u00fcvenin harika bir g\u00f6stergesidir. Stand\u0131n\u0131z\u0131n ve \u00fcr\u00fcnlerinizin ziyaret\u00e7iler \u00fczerinde olumlu bir izlenim b\u0131rakt\u0131\u011f\u0131 a\u00e7\u0131k\u00e7a g\u00f6r\u00fcl\u00fcyor.<\/p>\n<figure class=\"wp-block-image aligncenter size-full\"><img decoding=\"async\" fetchpriority=\"high\" width=\"1000\" height=\"1000\" src=\"\/wp-content\/uploads\/2026\/06\/kcvents-day-3-at-2023-febrava-hvac-r-exhibition-1.webp\" alt=\"Febrava 2023 HVAC-R fuar\u0131nda 3. g\u00fcn KCVENTS stand\u0131\" class=\"wp-image-2058\" \/><\/figure>\n<p>Fuar boyunca m\u00fc\u015fterilerle ve potansiyel al\u0131c\u0131larla etkile\u015fiminizi s\u00fcrd\u00fcr\u00fcrken g\u00f6z \u00f6n\u00fcnde bulundurabilece\u011finiz baz\u0131 \u00f6nemli noktalar \u015funlard\u0131r:<\/p>\n<p>KCVENTS ekibi, \u00fcr\u00fcnlerimiz hakk\u0131nda derinlemesine bilgi birikimiyle son derece haz\u0131rl\u0131kl\u0131d\u0131r. M\u00fc\u015fteriler, sorular\u0131na an\u0131nda ayr\u0131nt\u0131l\u0131 bilgi ve yan\u0131t alabilmekten memnuniyet duymaktad\u0131r.<\/p>\n<p>\u00dcr\u00fcnleriniz i\u00e7in canl\u0131 tan\u0131t\u0131mlar sunmay\u0131 de\u011ferlendirin. Bu, m\u00fc\u015fterilerin \u00fcr\u00fcnlerin nas\u0131l \u00e7al\u0131\u015ft\u0131\u011f\u0131n\u0131 ve sundu\u011fu avantajlar\u0131 pratik bir \u015fekilde anlamalar\u0131na yard\u0131mc\u0131 olabilir.<\/p>\n<figure class=\"wp-block-image aligncenter size-full\"><img loading=\"lazy\" decoding=\"async\" width=\"1000\" height=\"1000\" src=\"\/wp-content\/uploads\/2026\/06\/kcvents-day-3-at-2023-febrava-hvac-r-exhibition-2.webp\" alt=\"KCVENTS ekibi Febrava 2023&#039;te m\u00fc\u015fterilerle bulu\u015fuyor\" class=\"wp-image-2059\" \/><\/figure>\n<p>Genel olarak, <a href=\"\/tr\/products\/single-room-heat-recovery-units-vt501\/\">VT501<\/a> tek mahal \u0131s\u0131 geri kazan\u0131m cihaz\u0131 (<a href=\"\/tr\/urun-kategori\/single-room-hrv\/\">HRV<\/a>), HVAC-R \u00fcr\u00fcn grubunuzdaki kilit \u00fcr\u00fcnlerden biridir. HRV'ler, konut ve ticari alanlarda i\u00e7 mek\u00e2n hava kalitesini ve enerji verimlili\u011fini art\u0131rmak i\u00e7in vazge\u00e7ilmezdir.<\/p>\n<figure class=\"wp-block-image aligncenter size-full\"><a href=\"\/tr\/products\/single-room-heat-recovery-units-vt501\/\"><img loading=\"lazy\" decoding=\"async\" width=\"1500\" height=\"1500\" src=\"\/wp-content\/uploads\/2026\/06\/kcvents-day-3-at-2023-febrava-hvac-r-exhibition-3.webp\" alt=\"Febrava 2023 3. g\u00fcnde KCVENTS \u00fcr\u00fcnleri\" class=\"wp-image-2060\" \/><\/a><\/figure>\n<p>Olduk\u00e7a pop\u00fcler olan bir di\u011fer \u00fcr\u00fcn ise <a href=\"\/tr\/urun-kategori\/air-curtain\/\">air curtain<\/a>. 'dir. Fuardaki m\u00fc\u015fteriler hava perdesi \u00fcr\u00fcn\u00fcn\u00fcze yo\u011fun ilgi g\u00f6steriyor. Hava perdeleri, \u00e7e\u015fitli ticari ve end\u00fcstriyel ortamlarda say\u0131s\u0131z avantaj sa\u011flayarak i\u015fletmeler i\u00e7in pop\u00fcler bir tercih haline gelmektedir.<\/p>\n<figure class=\"wp-block-image aligncenter size-full\"><a href=\"\/tr\/urun-kategori\/air-curtain\/\"><img loading=\"lazy\" decoding=\"async\" width=\"1500\" height=\"1500\" src=\"\/wp-content\/uploads\/2026\/06\/kcvents-day-3-at-2023-febrava-hvac-r-exhibition-4.webp\" alt=\"Febrava 2023 KCVENTS stand\u0131 ziyaret\u00e7ileri\" class=\"wp-image-2061\" \/><\/a><\/figure>\n<p>M\u00fc\u015fterilerle g\u00fcven olu\u015fturmak \u00f6nemli bir ba\u015far\u0131d\u0131r ve fuardaki m\u00fc\u015fterilerin KCVENTS \u00fcr\u00fcnlerinin kalitesine g\u00fcven duyduklar\u0131n\u0131 ve i\u015f birli\u011fi yapmaya istekli olduklar\u0131n\u0131 belirtmeleri harika bir geli\u015fmedir. G\u00fcven, ba\u015far\u0131l\u0131 ticari ili\u015fkilerin en kritik temelidir; uzun vadeli ortakl\u0131klara ve m\u00fc\u015fteri sadakatine zemin haz\u0131rlar. Bu g\u00fcveni peki\u015ftirmek ve geli\u015ftirmek i\u00e7in baz\u0131 ad\u0131mlar \u015funlard\u0131r:<\/p>\n<p>Febrava HVAC-R fuar\u0131na g\u00fc\u00e7l\u00fc bir ba\u015flang\u0131\u00e7 yapt\u0131k. Ba\u015far\u0131l\u0131 \u00e7al\u0131\u015fmalar\u0131n\u0131z\u0131n devam\u0131n\u0131 diler, etkinli\u011fin geri kalan\u0131 i\u00e7in bol \u015fans dileriz!<\/p>\n<figure class=\"wp-block-image aligncenter size-full\"><img loading=\"lazy\" decoding=\"async\" width=\"1000\" height=\"1000\" src=\"\/wp-content\/uploads\/2026\/06\/kcvents-day-3-at-2023-febrava-hvac-r-exhibition-5.webp\" alt=\"Febrava 2023 KCVENTS stand\u0131nda s\u00f6zle\u015fme imzalanmas\u0131\" class=\"wp-image-2062\" \/><\/figure>\n<p>KCVENTS, 2023 Febrava HVAC-R fuar\u0131nda harika sonu\u00e7lar elde etti! Etkinlik boyunca m\u00fc\u015fterilerden gelen olumlu geri bildirimler ve yo\u011fun ilgi g\u00f6z \u00f6n\u00fcne al\u0131nd\u0131\u011f\u0131nda, \u00fcr\u00fcnlerinizin ve ekibinizin ziyaret\u00e7iler \u00fczerinde son derece olumlu bir etki b\u0131rakt\u0131\u011f\u0131 g\u00f6r\u00fcl\u00fcyor.<\/p>\n<p>\u00dcr\u00fcnlerimiz hakk\u0131nda daha fazla bilgi edinmek veya fiyat teklifi talebinde bulunmak i\u00e7in l\u00fctfen <a href=\"\/tr\/request-quote\/\">bizimle ileti\u015fime ge\u00e7in<\/a> veya <a href=\"\/tr\/products\/\">\u00fcr\u00fcn sayfalar\u0131m\u0131z\u0131 ziyaret edin<\/a>.<\/p>","protected":false},"excerpt":{"rendered":"<p>KCVENTS got a successful Day 3 at the 2023 Febrava HVAC-R exhibition! Signing contracts directly with clients is a great indication of the interest and trust they have in your products. It&#8217;s clear that your booth and products have made a positive impression on attendees. Here are some key points to consider as you continue [&hellip;]<\/p>\n","protected":false},"author":1,"featured_media":2006,"comment_status":"open","ping_status":"open","sticky":false,"template":"","format":"standard","meta":{"_gspb_post_css":"","footnotes":""},"categories":[1],"tags":[],"class_list":["post-2008","post","type-post","status-publish","format-standard","has-post-thumbnail","hentry","category-uncategorized"],"blocksy_meta":[],"_links":{"self":[{"href":"https:\/\/www.kcvents.com\/tr\/wp-json\/wp\/v2\/posts\/2008","targetHints":{"allow":["GET"]}}],"collection":[{"href":"https:\/\/www.kcvents.com\/tr\/wp-json\/wp\/v2\/posts"}],"about":[{"href":"https:\/\/www.kcvents.com\/tr\/wp-json\/wp\/v2\/types\/post"}],"author":[{"embeddable":true,"href":"https:\/\/www.kcvents.com\/tr\/wp-json\/wp\/v2\/users\/1"}],"replies":[{"embeddable":true,"href":"https:\/\/www.kcvents.com\/tr\/wp-json\/wp\/v2\/comments?post=2008"}],"version-history":[{"count":4,"href":"https:\/\/www.kcvents.com\/tr\/wp-json\/wp\/v2\/posts\/2008\/revisions"}],"predecessor-version":[{"id":4237,"href":"https:\/\/www.kcvents.com\/tr\/wp-json\/wp\/v2\/posts\/2008\/revisions\/4237"}],"wp:featuredmedia":[{"embeddable":true,"href":"https:\/\/www.kcvents.com\/tr\/wp-json\/wp\/v2\/media\/2006"}],"wp:attachment":[{"href":"https:\/\/www.kcvents.com\/tr\/wp-json\/wp\/v2\/media?parent=2008"}],"wp:term":[{"taxonomy":"category","embeddable":true,"href":"https:\/\/www.kcvents.com\/tr\/wp-json\/wp\/v2\/categories?post=2008"},{"taxonomy":"post_tag","embeddable":true,"href":"https:\/\/www.kcvents.com\/tr\/wp-json\/wp\/v2\/tags?post=2008"}],"curies":[{"name":"wp","href":"https:\/\/api.w.org\/{rel}","templated":true}]}}