{"id":2021,"date":"2023-07-22T02:31:38","date_gmt":"2023-07-21T18:31:38","guid":{"rendered":"https:\/\/www.kcvents.com\/?p=2021"},"modified":"2026-08-26T09:20:49","modified_gmt":"2026-08-26T01:20:49","slug":"febrava-2023-the-largest-and-most-comprehensive-hvac-r-event-in-latin-america","status":"publish","type":"post","link":"https:\/\/www.kcvents.com\/tr\/febrava-2023-the-largest-and-most-comprehensive-hvac-r-event-in-latin-america\/","title":{"rendered":"Febrava 2023,\u00a0the largest and most comprehensive\u00a0HVAC-R\u00a0event\u00a0in Latin America!"},"content":{"rendered":"<p>En son teknoloji havaland\u0131rma sistemlerine, <a href=\"\/tr\/urun-kategori\/single-room-hrv\/\">HRV<\/a> (Is\u0131 Geri Kazan\u0131ml\u0131 Havaland\u0131rma) sistemlerine ve <a href=\"\/tr\/products\/\">HVAC<\/a> (Is\u0131tma, Havaland\u0131rma ve \u0130klimlendirme) \u00e7\u00f6z\u00fcmlerine ilgi duyuyor musunuz? \u00d6yleyse, HVAC sekt\u00f6r\u00fcn\u00fcn en \u00e7ok beklenen fuar\u0131 olan 12-15 Eyl\u00fcl Febrava2023 tarihini takviminize kaydedin. Devrim niteli\u011findeki \u00fcr\u00fcnlerimizi g\u00f6rmek, i\u00e7 mekan hava kalitesi ve iklimlendirmenin gelece\u011fine dair de\u011ferli bilgiler edinmek i\u00e7in B26 numaral\u0131 stantta bize kat\u0131l\u0131n. <strong>Febrava2023'te Havaland\u0131rma, HRV ve HVAC Alan\u0131ndaki En Son Yenilikleri Deneyimleyin \u2013 B26 Stand\u0131nda KCVENTS'i Ziyaret Edin!<\/strong><\/p>\n<figure class=\"wp-block-image aligncenter size-full\"><img decoding=\"async\" fetchpriority=\"high\" width=\"1000\" height=\"1000\" src=\"\/wp-content\/uploads\/2026\/06\/febrava-2023-the-largest-and-most-comprehensive-hvac-r-event-in-latin-america-1.webp\" alt=\"Febrava 2023&#039;te KCVENTS B26 numaral\u0131 stant\" class=\"wp-image-2036\" \/><\/figure>\n<p><strong>Febrava2023: Havaland\u0131rma Alan\u0131ndaki Geli\u015fmelere A\u00e7\u0131lan Kap\u0131<\/strong><\/p>\n<p>\u0130ki y\u0131lda bir d\u00fczenlenen Febrava, d\u00fcnya \u00e7ap\u0131ndaki en prestijli HVAC etkinliklerinden biri olarak hakl\u0131 bir \u00fcn kazanm\u0131\u015ft\u0131r. Fuar, d\u00fcnyan\u0131n d\u00f6rt bir yan\u0131ndan sekt\u00f6r profesyonellerini, ara\u015ft\u0131rmac\u0131lar\u0131 ve merakl\u0131lar\u0131 bir araya getirerek havaland\u0131rma sekt\u00f6r\u00fcndeki en son trendleri ve yenilikleri ke\u015ffetmek i\u00e7in e\u015fsiz bir f\u0131rsat sunmaktad\u0131r.<\/p>\n<p>B26 numaral\u0131 stantta, uzman KCVENTS ekibimiz verimlilik, s\u00fcrd\u00fcr\u00fclebilirlik ve ileri teknolojiyi bir araya getiren son teknoloji havaland\u0131rma \u00e7\u00f6z\u00fcmlerimizi tan\u0131tmaya haz\u0131r. \u0130ster deneyimli bir profesyonel ister HVAC sekt\u00f6r\u00fcne yeni ad\u0131m atm\u0131\u015f biri olun, stand\u0131m\u0131z zengin bir bilgi birikimi ve i\u015f a\u011f\u0131 geli\u015ftirme f\u0131rsatlar\u0131 sunmaktad\u0131r.<\/p>\n<p><strong>HRV: \u0130\u00e7 Mekan Hava Kalitesini ve Enerji Verimlili\u011fini Art\u0131rma<\/strong><\/p>\n<p>Is\u0131 Geri Kazan\u0131ml\u0131 Havaland\u0131rma (HRV) sistemleri, i\u00e7 mekan hava kalitesi y\u00f6netiminde kurallar\u0131 de\u011fi\u015ftiren bir \u00e7\u00f6z\u00fcm olarak \u00f6ne \u00e7\u0131kmaktad\u0131r. Binalar enerji tasarrufu amac\u0131yla daha s\u0131zd\u0131rmaz hale geldik\u00e7e, HRV sistemleri egzoz havas\u0131ndaki \u0131s\u0131y\u0131 etkili bir \u015fekilde geri kazan\u0131rken s\u00fcrekli hava ak\u0131\u015f\u0131 sa\u011flamada kritik bir rol oynar. Sonu\u00e7 mu? Daha d\u00fc\u015f\u00fck enerji t\u00fcketimiyle daha sa\u011fl\u0131kl\u0131 ve daha konforlu bir i\u00e7 mekan ortam\u0131.<\/p>\n<p>Febrava2023'teki stand\u0131m\u0131zda teknoloji ve tasar\u0131mdaki en son geli\u015fmeleri somutla\u015ft\u0131ran son teknoloji HRV sistemleri sergilenecektir. Her biri belirli havaland\u0131rma ihtiya\u00e7lar\u0131n\u0131 kar\u015f\u0131lamak \u00fczere tasarlanm\u0131\u015f konut, ticari ve end\u00fcstriyel uygulamalara y\u00f6nelik \u00e7e\u015fitli modellerimiz hakk\u0131nda bilgi edinin. HRV sistemlerinin kirli havay\u0131 filtrelenmi\u015f ve \u015fartland\u0131r\u0131lm\u0131\u015f d\u0131\u015f hava ile de\u011fi\u015ftirerek nas\u0131l dengeli ve taze bir i\u00e7 mekan ortam\u0131 olu\u015fturabilece\u011fini ke\u015ffedin.<\/p>\n<figure class=\"wp-block-image aligncenter size-full\"><a href=\"\/tr\/products\/single-room-heat-recovery-units-vt501\/\"><img loading=\"lazy\" decoding=\"async\" width=\"1000\" height=\"1000\" src=\"\/wp-content\/uploads\/2026\/06\/febrava-2023-the-largest-and-most-comprehensive-hvac-r-event-in-latin-america-2.webp\" alt=\"Latin Amerika&#039;da Febrava 2023 HVAC-R Fuar\u0131\" class=\"wp-image-2037\" \/><\/a><\/figure>\n<p><strong>HVAC: \u0130klimlendirmenin Gelece\u011fi<\/strong><\/p>\n<p>HVAC sekt\u00f6r\u00fc, enerji a\u00e7\u0131s\u0131ndan verimli ve \u00e7evre dostu \u00e7\u00f6z\u00fcmlere y\u00f6nelik talebin etkisiyle s\u00fcrekli olarak geli\u015fmektedir. Febrava2023, birinci s\u0131n\u0131f HVAC \u00fcr\u00fcnlerimizle iklimlendirmenin gelece\u011fini ke\u015ffetmek i\u00e7in m\u00fckemmel bir f\u0131rsat sunmaktad\u0131r.<\/p>\n<p>Stand\u0131m\u0131zda enerji t\u00fcketimini optimize etmek, s\u0131cakl\u0131k ayarlar\u0131n\u0131 d\u00fczenlemek ve ger\u00e7ek zamanl\u0131 te\u015fhis sa\u011flamak i\u00e7in yapay zeka ve IoT (Nesnelerin \u0130nterneti) entegrasyonundan yararlanan ak\u0131ll\u0131 HVAC sistemleri sergilenecektir. Enerji israf\u0131n\u0131 en aza indirirken maksimum konfor sa\u011flamak amac\u0131yla bir binan\u0131n her alan\u0131n\u0131n ki\u015fiselle\u015ftirilmi\u015f ayarlara sahip olabilece\u011fi b\u00f6lge bazl\u0131 iklimlendirmenin potansiyelini ke\u015ffedin.<\/p>\n<figure class=\"wp-block-image aligncenter size-full\"><a href=\"\/tr\/products\/cross-flow-air-curtain-q-series\/\"><img loading=\"lazy\" decoding=\"async\" width=\"1000\" height=\"1000\" src=\"\/wp-content\/uploads\/2026\/06\/febrava-2023-the-largest-and-most-comprehensive-hvac-r-event-in-latin-america-3.webp\" alt=\"Febrava 2023&#039;te KCVENTS HRV ve havaland\u0131rma \u00fcr\u00fcnleri\" class=\"wp-image-2038\" \/><\/a><\/figure>\n<p><strong>\u00c7\u0131\u011f\u0131r A\u00e7an \u00dcr\u00fcn Grubumuzun Tan\u0131t\u0131m\u0131<\/strong><\/p>\n<p>Febrava2023, havaland\u0131rma ve HVAC sekt\u00f6r\u00fcnde devrim yaratmak \u00fczere tasarlanan yepyeni \u00fcr\u00fcn serimizi tan\u0131tmak i\u00e7in m\u00fckemmel bir platformdur. \u0130\u00e7 mekan hava kalitesi ve iklimlendirme kontrol\u00fcne yakla\u015f\u0131m\u0131m\u0131z\u0131 yeniden tan\u0131mlamay\u0131 vaat eden bu son teknoloji \u00fcr\u00fcnleri ilk g\u00f6renler aras\u0131nda yer al\u0131n.<\/p>\n<p>K\u00fc\u00e7\u00fck alanlar i\u00e7in uygun kompakt ve g\u00fc\u00e7l\u00fc havaland\u0131rma \u00fcnitelerinden end\u00fcstriyel tesisler i\u00e7in \u00f6zel olarak tasarlanm\u0131\u015f b\u00fcy\u00fck \u00f6l\u00e7ekli HRV sistemlerine kadar geni\u015f \u00fcr\u00fcn yelpazemiz her t\u00fcrl\u00fc ihtiyaca hitap etmektedir. Enerji verimlili\u011fi, \u00e7evre dostu olma ve bak\u0131m kolayl\u0131\u011f\u0131na odaklanan \u00e7\u00f6z\u00fcmlerimiz, s\u00fcrd\u00fcr\u00fclebilir bir gelece\u011fe katk\u0131da bulunurken daha sa\u011fl\u0131kl\u0131 i\u00e7 ortamlar yaratmay\u0131 hedeflemektedir.<\/p>\n<p><strong>A\u011f Kurun ve \u0130\u015f Birli\u011fi Yap\u0131n<\/strong><\/p>\n<p>Fuar\u0131n \u00f6tesinde Febrava2023; HVAC ve havaland\u0131rma sekt\u00f6rlerindeki benzer vizyona sahip profesyoneller, uzmanlar ve liderlerle bir araya gelmek i\u00e7in e\u015fsiz bir f\u0131rsat sunmaktad\u0131r. B26 numaral\u0131 stantta fikir al\u0131\u015fveri\u015finde bulunmak, deneyimleri payla\u015fmak ve olas\u0131 i\u015f birliklerini de\u011ferlendirmek \u00fczere sizleri a\u011f\u0131rlamaktan mutluluk duyar\u0131z. Sekt\u00f6rel ba\u011flant\u0131lar\u0131n\u0131z\u0131 g\u00fc\u00e7lendirin ve i\u015fletmenizin gelece\u011fini \u015fekillendirebilecek yeni trendler hakk\u0131nda bilgi edinin.<\/p>\n<figure class=\"wp-block-image aligncenter size-full\"><a href=\"\/tr\/products\/ec-inline-fan-with-stepless-speed\/\"><img loading=\"lazy\" decoding=\"async\" width=\"1000\" height=\"1000\" src=\"\/wp-content\/uploads\/2026\/06\/febrava-2023-the-largest-and-most-comprehensive-hvac-r-event-in-latin-america-4.webp\" alt=\"Febrava 2023&#039;te KCVENTS fuar\u0131\" class=\"wp-image-2039\" \/><\/a><\/figure>\n<p><strong>Febrava2023 i\u00e7in Tarihi Not Edin<\/strong><\/p>\n<p>12-15 Eyl\u00fcl tarihlerindeki Febrava2023 yakla\u015f\u0131rken, B26 numaral\u0131 stand\u0131m\u0131z\u0131 ziyaret etmek i\u00e7in takviminizde mutlaka yer ay\u0131r\u0131n. Havaland\u0131rma, HRV ve HVAC alanlar\u0131nda sekt\u00f6r\u00fcn gelece\u011fini kesinlikle etkileyecek geli\u015fmeleri ilk elden deneyimleyin. S\u00fcrd\u00fcr\u00fclebilir ve konforlu bir d\u00fcnya in\u015fa etmek i\u00e7in inovasyon ve m\u00fckemmelli\u011fin bulu\u015ftu\u011fu bu ola\u011fan\u00fcst\u00fc etkinlikte bize kat\u0131l\u0131n.<\/p>\n<p>Bizi web sitemizden takip edin <a href=\"https:\/\/www.kcvents.com\/tr\/\">www.kcvents.com<\/a> Febrava2023 ile ilgili en son g\u00fcncellemeler i\u00e7in web sitemizi ziyaret edin; unutulmaz bir deneyim i\u00e7in sizi B26 numaral\u0131 stantta a\u011f\u0131rlamay\u0131 sab\u0131rs\u0131zl\u0131kla bekliyoruz!<\/p>\n<p>\u00dcr\u00fcnlerimiz hakk\u0131nda daha fazla bilgi edinmek veya fiyat teklifi talebinde bulunmak i\u00e7in l\u00fctfen <a href=\"\/tr\/request-quote\/\">bizimle ileti\u015fime ge\u00e7in<\/a> veya <a href=\"\/tr\/products\/\">\u00fcr\u00fcn sayfalar\u0131m\u0131z\u0131 ziyaret edin<\/a>.<\/p>","protected":false},"excerpt":{"rendered":"<p>Are you passionate about cutting-edge ventilation technologies, HRV (Heat Recovery Ventilation) systems, and HVAC (Heating, Ventilation, and Air Conditioning) solutions? If so, mark your calendars for September 12 to 15 Febrava2023, the most anticipated exhibition for the HVAC industry. Join us at booth B26 to witness a showcase of revolutionary products and gain valuable insights [&hellip;]<\/p>\n","protected":false},"author":1,"featured_media":2020,"comment_status":"open","ping_status":"open","sticky":false,"template":"","format":"standard","meta":{"_gspb_post_css":"","footnotes":""},"categories":[1],"tags":[],"class_list":["post-2021","post","type-post","status-publish","format-standard","has-post-thumbnail","hentry","category-uncategorized"],"blocksy_meta":[],"_links":{"self":[{"href":"https:\/\/www.kcvents.com\/tr\/wp-json\/wp\/v2\/posts\/2021","targetHints":{"allow":["GET"]}}],"collection":[{"href":"https:\/\/www.kcvents.com\/tr\/wp-json\/wp\/v2\/posts"}],"about":[{"href":"https:\/\/www.kcvents.com\/tr\/wp-json\/wp\/v2\/types\/post"}],"author":[{"embeddable":true,"href":"https:\/\/www.kcvents.com\/tr\/wp-json\/wp\/v2\/users\/1"}],"replies":[{"embeddable":true,"href":"https:\/\/www.kcvents.com\/tr\/wp-json\/wp\/v2\/comments?post=2021"}],"version-history":[{"count":4,"href":"https:\/\/www.kcvents.com\/tr\/wp-json\/wp\/v2\/posts\/2021\/revisions"}],"predecessor-version":[{"id":4238,"href":"https:\/\/www.kcvents.com\/tr\/wp-json\/wp\/v2\/posts\/2021\/revisions\/4238"}],"wp:featuredmedia":[{"embeddable":true,"href":"https:\/\/www.kcvents.com\/tr\/wp-json\/wp\/v2\/media\/2020"}],"wp:attachment":[{"href":"https:\/\/www.kcvents.com\/tr\/wp-json\/wp\/v2\/media?parent=2021"}],"wp:term":[{"taxonomy":"category","embeddable":true,"href":"https:\/\/www.kcvents.com\/tr\/wp-json\/wp\/v2\/categories?post=2021"},{"taxonomy":"post_tag","embeddable":true,"href":"https:\/\/www.kcvents.com\/tr\/wp-json\/wp\/v2\/tags?post=2021"}],"curies":[{"name":"wp","href":"https:\/\/api.w.org\/{rel}","templated":true}]}}